{"id":5073,"date":"2014-04-24T08:25:03","date_gmt":"2014-04-24T11:25:03","guid":{"rendered":"http:\/\/www.sincomam.org.br\/?p=5073"},"modified":"2014-04-24T08:03:55","modified_gmt":"2014-04-24T11:03:55","slug":"ministra-do-stf-determina-instalacao-de-cpi-exclusiva-da-petrobras","status":"publish","type":"post","link":"https:\/\/www.sincomam.org.br\/index.php\/ministra-do-stf-determina-instalacao-de-cpi-exclusiva-da-petrobras\/","title":{"rendered":"Ministra do STF determina instala\u00e7\u00e3o de CPI exclusiva da Petrobras"},"content":{"rendered":"<p><b><i>Decis\u00e3o de Rosa Weber contempla a vontade da oposi\u00e7\u00e3o e contraria o governo, que queria investiga\u00e7\u00f5es mais amplas<\/i><\/b><\/p>\n<p>A ministra do Supremo Tribunal Federal (STF) Rosa Weber aceitou o pedido da oposi\u00e7\u00e3o e decidiu, nesta quarta-feira (23), que o Senado deve instalar uma Comiss\u00e3o Parlamentar de Inqu\u00e9rito (CPI) exclusiva sobre a Petrobras.<\/p>\n<p>A ministra concedeu liminar determinando a cria\u00e7\u00e3o da CPI como solicitada pelos oposicionistas. Rosa Weber negou o pedido da base governista de instalar uma CPI ampla, que incluiria a investiga\u00e7\u00e3o de outros temas como o cartel do metr\u00f4 de S\u00e3o Paulo e atividades do Porto de Suape, em Pernambuco.<\/p>\n<p>A oposi\u00e7\u00e3o recorreu ao STF contra a inten\u00e7\u00e3o dos governistas de fazer a CPI mais ampla alegando que o direito da minoria de investigar atos do governo estava sendo desrespeitado.<\/p>\n<p>A oposi\u00e7\u00e3o tamb\u00e9m reclamou que a maioria estava manobrando para tirar o foco da compra da refinaria de Pasadena (EUA) pela Petrobras, fato que resultou em preju\u00edzo bilion\u00e1rio para a estatal.<\/p>\n<p>Como a decis\u00e3o foi da ministra Rosa Weber, a dire\u00e7\u00e3o do Senado pode apresentar recurso pedindo an\u00e1lise pelo plen\u00e1rio do STF.<\/p>\n<p>Fonte: Valor &#8211; Ma\u00edra Magro \/ Foto: Ag\u00eancia Brasil &#8211; Ministra Rosa Weber<\/p>\n","protected":false},"excerpt":{"rendered":"<p>Decis\u00e3o de Rosa Weber contempla a vontade da oposi\u00e7\u00e3o e contraria o governo, que queria investiga\u00e7\u00f5es mais amplas A ministra do Supremo Tribunal Federal (STF)&#8230;<\/p>\n","protected":false},"author":1182,"featured_media":5074,"comment_status":"closed","ping_status":"closed","sticky":false,"template":"","format":"standard","meta":{"footnotes":""},"categories":[6],"tags":[831,300,997,58,999,998],"class_list":["post-5073","post","type-post","status-publish","format-standard","has-post-thumbnail","hentry","category-noticias","tag-cpi","tag-decisao","tag-ministra","tag-petrobras","tag-rosa-weber","tag-supremo-tribunal-federal"],"_links":{"self":[{"href":"https:\/\/www.sincomam.org.br\/index.php\/wp-json\/wp\/v2\/posts\/5073","targetHints":{"allow":["GET"]}}],"collection":[{"href":"https:\/\/www.sincomam.org.br\/index.php\/wp-json\/wp\/v2\/posts"}],"about":[{"href":"https:\/\/www.sincomam.org.br\/index.php\/wp-json\/wp\/v2\/types\/post"}],"author":[{"embeddable":true,"href":"https:\/\/www.sincomam.org.br\/index.php\/wp-json\/wp\/v2\/users\/1182"}],"replies":[{"embeddable":true,"href":"https:\/\/www.sincomam.org.br\/index.php\/wp-json\/wp\/v2\/comments?post=5073"}],"version-history":[{"count":1,"href":"https:\/\/www.sincomam.org.br\/index.php\/wp-json\/wp\/v2\/posts\/5073\/revisions"}],"predecessor-version":[{"id":5075,"href":"https:\/\/www.sincomam.org.br\/index.php\/wp-json\/wp\/v2\/posts\/5073\/revisions\/5075"}],"wp:featuredmedia":[{"embeddable":true,"href":"https:\/\/www.sincomam.org.br\/index.php\/wp-json\/wp\/v2\/media\/5074"}],"wp:attachment":[{"href":"https:\/\/www.sincomam.org.br\/index.php\/wp-json\/wp\/v2\/media?parent=5073"}],"wp:term":[{"taxonomy":"category","embeddable":true,"href":"https:\/\/www.sincomam.org.br\/index.php\/wp-json\/wp\/v2\/categories?post=5073"},{"taxonomy":"post_tag","embeddable":true,"href":"https:\/\/www.sincomam.org.br\/index.php\/wp-json\/wp\/v2\/tags?post=5073"}],"curies":[{"name":"wp","href":"https:\/\/api.w.org\/{rel}","templated":true}]}}