{"id":50715,"date":"2024-04-05T11:33:11","date_gmt":"2024-04-05T14:33:11","guid":{"rendered":"http:\/\/www.sincomam.org.br\/?p=50715"},"modified":"2024-04-05T11:33:11","modified_gmt":"2024-04-05T14:33:11","slug":"programa-de-passagens-aereas-acessiveis-deve-sair-nas-proximas-semanas","status":"publish","type":"post","link":"https:\/\/www.sincomam.org.br\/index.php\/programa-de-passagens-aereas-acessiveis-deve-sair-nas-proximas-semanas\/","title":{"rendered":"Programa de passagens a\u00e9reas acess\u00edveis deve sair nas pr\u00f3ximas semanas"},"content":{"rendered":"<p>O programa Voa Brasil, que ir\u00e1 garantir o acesso a passagens a\u00e9reas com tarifas mais acess\u00edveis, ser\u00e1 lan\u00e7ado nas pr\u00f3ximas semanas. Segundo o Minist\u00e9rio de Portos e Aeroportos, mais detalhes ser\u00e3o apresentados na data de sua divulga\u00e7\u00e3o. A ideia \u00e9 que sejam oferecidas passagens a\u00e9reas a R$ 200 por trecho.\u00a0<img decoding=\"async\" src=\"https:\/\/agenciabrasil.ebc.com.br\/ebc.png?id=1588969&amp;o=node\" \/><img decoding=\"async\" src=\"https:\/\/agenciabrasil.ebc.com.br\/ebc.gif?id=1588969&amp;o=node\" \/><\/p>\n<p>Anunciado desde o ano passado pelo governo federal, o programa estava previsto para ser lan\u00e7ado em janeiro de 2024. Na ocasi\u00e3o, o governo divulgou que os primeiros segmentos\u00a0beneficiados pelo Voa Brasil\u00a0ser\u00e3o aposentados do Instituto Nacional do Seguro Social (INSS) e bolsistas do Programa Universidade para Todos (Prouni).<\/p>\n<h2>Aposentados e estudantes<\/h2>\n<p>Recentemente, em entrevista ao programa Roda Viva, da TV Cultura, o ministro dos Portos e Aeroportos, Silvio Costa Filho, informou que o p\u00fablico-alvo abranger\u00e1 cerca de 21 milh\u00f5es de aposentados e 700 mil alunos do Programa Universidade para Todos (Prouni).<\/p>\n<p>\u201cA gente espera anunciar esse programa com cinco milh\u00f5es de passagens que ser\u00e3o disponibilizadas pelas companhias a\u00e9reas, sem nenhum real do Tesouro\u201d, afirmou o ministro.<\/p>\n<p>Fonte: Ag\u00eancia Brasil<\/p>\n","protected":false},"excerpt":{"rendered":"<p>O programa Voa Brasil, que ir\u00e1 garantir o acesso a passagens a\u00e9reas com tarifas mais acess\u00edveis, ser\u00e1 lan\u00e7ado nas pr\u00f3ximas semanas. Segundo o Minist\u00e9rio de&#8230;<\/p>\n","protected":false},"author":1527,"featured_media":50716,"comment_status":"closed","ping_status":"closed","sticky":false,"template":"","format":"standard","meta":{"footnotes":""},"categories":[6],"tags":[],"class_list":["post-50715","post","type-post","status-publish","format-standard","has-post-thumbnail","hentry","category-noticias"],"_links":{"self":[{"href":"https:\/\/www.sincomam.org.br\/index.php\/wp-json\/wp\/v2\/posts\/50715","targetHints":{"allow":["GET"]}}],"collection":[{"href":"https:\/\/www.sincomam.org.br\/index.php\/wp-json\/wp\/v2\/posts"}],"about":[{"href":"https:\/\/www.sincomam.org.br\/index.php\/wp-json\/wp\/v2\/types\/post"}],"author":[{"embeddable":true,"href":"https:\/\/www.sincomam.org.br\/index.php\/wp-json\/wp\/v2\/users\/1527"}],"replies":[{"embeddable":true,"href":"https:\/\/www.sincomam.org.br\/index.php\/wp-json\/wp\/v2\/comments?post=50715"}],"version-history":[{"count":1,"href":"https:\/\/www.sincomam.org.br\/index.php\/wp-json\/wp\/v2\/posts\/50715\/revisions"}],"predecessor-version":[{"id":50717,"href":"https:\/\/www.sincomam.org.br\/index.php\/wp-json\/wp\/v2\/posts\/50715\/revisions\/50717"}],"wp:featuredmedia":[{"embeddable":true,"href":"https:\/\/www.sincomam.org.br\/index.php\/wp-json\/wp\/v2\/media\/50716"}],"wp:attachment":[{"href":"https:\/\/www.sincomam.org.br\/index.php\/wp-json\/wp\/v2\/media?parent=50715"}],"wp:term":[{"taxonomy":"category","embeddable":true,"href":"https:\/\/www.sincomam.org.br\/index.php\/wp-json\/wp\/v2\/categories?post=50715"},{"taxonomy":"post_tag","embeddable":true,"href":"https:\/\/www.sincomam.org.br\/index.php\/wp-json\/wp\/v2\/tags?post=50715"}],"curies":[{"name":"wp","href":"https:\/\/api.w.org\/{rel}","templated":true}]}}