{"id":50712,"date":"2024-04-05T11:32:04","date_gmt":"2024-04-05T14:32:04","guid":{"rendered":"http:\/\/www.sincomam.org.br\/?p=50712"},"modified":"2024-04-05T11:32:04","modified_gmt":"2024-04-05T14:32:04","slug":"criancas-e-adolescentes-debatem-propostas-sobre-direitos-pos-pandemia","status":"publish","type":"post","link":"https:\/\/www.sincomam.org.br\/index.php\/criancas-e-adolescentes-debatem-propostas-sobre-direitos-pos-pandemia\/","title":{"rendered":"Crian\u00e7as e adolescentes debatem propostas sobre direitos p\u00f3s-pandemia"},"content":{"rendered":"<p>Os delegados da 12\u00aa Confer\u00eancia Nacional dos Direitos das Crian\u00e7as e dos Adolescentes (12\u00aa CNDCA), realizada em Bras\u00edlia (DF), debateram e votaram, nesta quinta-feira (4), as propostas de a\u00e7\u00f5es que podem servir de base para elabora\u00e7\u00e3o de pol\u00edticas p\u00fablicas de enfrentamento \u00e0s consequ\u00eancias da pandemia de covid-19, que atingiram mais fortemente crian\u00e7as e adolescentes, al\u00e9m da restitui\u00e7\u00e3o desses direitos p\u00f3s-pandemia.<img decoding=\"async\" src=\"https:\/\/agenciabrasil.ebc.com.br\/ebc.png?id=1589004&amp;o=node\" \/><img decoding=\"async\" src=\"https:\/\/agenciabrasil.ebc.com.br\/ebc.gif?id=1589004&amp;o=node\" \/><\/p>\n<p>As confer\u00eancias t\u00eam como principal marca a participa\u00e7\u00e3o social. Neste espa\u00e7o de discuss\u00f5es na 12\u00aa CNDCA, as articula\u00e7\u00f5es coletivas foram feitas diretamente pelo p\u00fablico infantojuvenil. As crian\u00e7as e adolescentes tiveram direito de participar da confer\u00eancia nacional na condi\u00e7\u00e3o de delegados para analisar as 596 propostas aprovadas nas 27 etapas estaduais e distrital e levadas para o encontro nacional.<\/p>\n<p>A presidente do Conselho Nacional dos Direitos da Crian\u00e7a e do Adolescente (Conanda), Marina de Pol Poniwas, exaltou a participa\u00e7\u00e3o democr\u00e1tica que considera as opini\u00f5es desta faixa et\u00e1ria da sociedade. \u201c\u00c9 a volta do pa\u00eds democr\u00e1tico, de fato, que prioriza a participa\u00e7\u00e3o social e, especialmente, deixa de ser\u00a0adultoc\u00eantrico\u00a0e entende o quanto crian\u00e7as e adolescentes precisam ser protagonistas da constru\u00e7\u00e3o de pol\u00edticas p\u00fablicas no nosso pa\u00eds a eles destinadas.\u201d<\/p>\n<p>Outro conselheiro do Conanda, o representante da Confedera\u00e7\u00e3o Nacional dos Trabalhadores Rurais, Agricultores e Agricultoras Familiares, Ant\u00f4nio Lacerda Souto, fala sobre este momento. \u201cJamais poder\u00edamos fazer uma confer\u00eancia de crian\u00e7as e adolescentes sem os sujeitos de direito estarem aqui, construindo e defendendo suas propostas. Para aquelas propostas pol\u00eamicas, eles mesmos v\u00eam aqui defender ou renunci\u00e1-las.\u201d<\/p>\n<h2>Nada sobre n\u00f3s, sem n\u00f3s<\/h2>\n<p>A 12\u00aa CNDCA com dura\u00e7\u00e3o de 2 a 4 de abril de 2024 permitiu que no momento de tomada de decis\u00e3o, crian\u00e7as e adolescentes munidos de um aparelho eletr\u00f4nico pendurado no pesco\u00e7o declarassem seu voto a favor de cada proposta numerada com objetivo de dar transpar\u00eancia e agilidade no processo de vota\u00e7\u00e3o.<\/p>\n<p>A estudante de Buriticupu no Maranh\u00e3o, Ra\u00edssa Dias Lima, de 16 anos, \u00e9 uma das 1,3 mil participantes da confer\u00eancia e bate na tecla de que \u00e9 vital que os adolescentes estejam em espa\u00e7os que v\u00e3o deliberar sobre os seus pr\u00f3prios direitos. Ra\u00edssa repetiu a frase que est\u00e1 estampada em cartazes pendurados em toda a 12\u00aa Confer\u00eancia Nacional dos Direitos das Crian\u00e7as e dos Adolescentes:\u00a0Nada sobre n\u00f3s, sem n\u00f3s.<\/p>\n<p>Durante toda a manh\u00e3 desta quinta-feira, adolescentes formaram filas na plen\u00e1ria final para defender propostas ao microfone para fechar o texto que servir\u00e1 para elaborar conjuntamente pol\u00edticas p\u00fablicas. Uma das jovens que subiu no palco para pedir mais or\u00e7amento p\u00fablico para garantia de direitos de adolescentes foi a ind\u00edgena de 17 anos, Tha\u00eds Hellen Silva, identificada por seu nome ind\u00edgena \u2013 Aimara Pitaguary. A lideran\u00e7a jovem que saiu de Pacatuba, munic\u00edpio pr\u00f3ximo a Fortaleza (CE) avisou que os jovens n\u00e3o devem ser subestimados.<\/p>\n<p>Quem rivalizou nas discuss\u00f5es sobre or\u00e7amento p\u00fablico para que os delegados presentes escolhessem o melhor argumento foi o estudante de Artur Caldeira Nascimento, de 13 anos, morador de Vit\u00f3ria (ES) e estudante do 8\u00ba ano do Ensino Fundamental. Artur Caldeira se destaca entre os demais delegados, desde a etapa estadual da confer\u00eancia, e foi bastante aplaudido. Artur acredita que estes momentos de embate s\u00e3o necess\u00e1rios e saud\u00e1veis.<\/p>\n<p>\u201c\u00c9 muito bom a gente incentivar as crian\u00e7as e adolescentes a se interessarem por estes assuntos para a gente conseguir criar pol\u00edticas p\u00fablicas de alta qualidade para todos os p\u00fablicos, n\u00e3o s\u00f3 para n\u00f3s, as crian\u00e7as adolescentes, mas para os idosos, para os adultos e todos os outros p\u00fablicos que precisam de pol\u00edticas p\u00fablicas, nacionais, estaduais e municipais. E precisa de dinheiro para isso e eu gosto muito de economia\u201d.<\/p>\n<p>Uma das mais jovens delegadas da confer\u00eancia nacional \u00e9 a Renata de Jesus de Santana, 11 anos, A estudante do 5\u00baano do ensino fundamental tomou nota das falas da confer\u00eancia em um caderninho para n\u00e3o esquecer de nada que levar\u00e1 para sua cidade, Malhador (SE).<\/p>\n<p>\u201cQuero que todas as crian\u00e7as sejam bem educadas e que cuidem bem dessas crian\u00e7as, mesmo que muitos adultos ajam como se n\u00f3s n\u00e3o pud\u00e9ssemos ter direitos.\u201d<\/p>\n<h2>Adultos<\/h2>\n<p>Os delegados infantojuvenis estiveram\u00a0acompanhados de pais e de representantes de conselhos municipais dos direitos da Crian\u00e7a e do Adolescente. No caso da Renata de Jesus de Santana, a presidente do conselho municipal Caroline Santos fez quest\u00e3o de estar na\u00a0capital federal para refor\u00e7ar o que foi decidido primeiramente pelos participantes locais. \u201cS\u00e3o participa\u00e7\u00f5es muito importantes porque, por muito tempo, essa faixa et\u00e1ria n\u00e3o foi ouvida, n\u00e3o d\u00e3o voz a essas crian\u00e7as, aos adolescentes. Mas, eles t\u00eam sim o que falar. S\u00e3o experi\u00eancias vivenciadas por eles, que podem compartilhar e falar o que \u00e9 melhor para eles pr\u00f3prios.&#8221;<\/p>\n<p>O advogado de Vit\u00f3ria de Santo Ant\u00e3o (PE) Leonardo Ara\u00fajo, de 27 anos, concorda que o momento \u00e9 de volta da participa\u00e7\u00e3o popular, ap\u00f3s a \u00faltima confer\u00eancia nacional, realizada ainda em 2019. \u201c\u00c9 o retorno \u00e0 reconstru\u00e7\u00e3o de uma pol\u00edtica t\u00e3o importante para o nosso pa\u00eds. Uma pol\u00edtica que atenda aquele que realmente est\u00e1 na ponta, precisando, que s\u00e3o as nossas crian\u00e7as e os nossos adolescentes.\u201d<\/p>\n","protected":false},"excerpt":{"rendered":"<p>Os delegados da 12\u00aa Confer\u00eancia Nacional dos Direitos das Crian\u00e7as e dos Adolescentes (12\u00aa CNDCA), realizada em Bras\u00edlia (DF), debateram e votaram, nesta quinta-feira (4),&#8230;<\/p>\n","protected":false},"author":1527,"featured_media":50713,"comment_status":"closed","ping_status":"closed","sticky":false,"template":"","format":"standard","meta":{"footnotes":""},"categories":[6],"tags":[],"class_list":["post-50712","post","type-post","status-publish","format-standard","has-post-thumbnail","hentry","category-noticias"],"_links":{"self":[{"href":"https:\/\/www.sincomam.org.br\/index.php\/wp-json\/wp\/v2\/posts\/50712","targetHints":{"allow":["GET"]}}],"collection":[{"href":"https:\/\/www.sincomam.org.br\/index.php\/wp-json\/wp\/v2\/posts"}],"about":[{"href":"https:\/\/www.sincomam.org.br\/index.php\/wp-json\/wp\/v2\/types\/post"}],"author":[{"embeddable":true,"href":"https:\/\/www.sincomam.org.br\/index.php\/wp-json\/wp\/v2\/users\/1527"}],"replies":[{"embeddable":true,"href":"https:\/\/www.sincomam.org.br\/index.php\/wp-json\/wp\/v2\/comments?post=50712"}],"version-history":[{"count":1,"href":"https:\/\/www.sincomam.org.br\/index.php\/wp-json\/wp\/v2\/posts\/50712\/revisions"}],"predecessor-version":[{"id":50714,"href":"https:\/\/www.sincomam.org.br\/index.php\/wp-json\/wp\/v2\/posts\/50712\/revisions\/50714"}],"wp:featuredmedia":[{"embeddable":true,"href":"https:\/\/www.sincomam.org.br\/index.php\/wp-json\/wp\/v2\/media\/50713"}],"wp:attachment":[{"href":"https:\/\/www.sincomam.org.br\/index.php\/wp-json\/wp\/v2\/media?parent=50712"}],"wp:term":[{"taxonomy":"category","embeddable":true,"href":"https:\/\/www.sincomam.org.br\/index.php\/wp-json\/wp\/v2\/categories?post=50712"},{"taxonomy":"post_tag","embeddable":true,"href":"https:\/\/www.sincomam.org.br\/index.php\/wp-json\/wp\/v2\/tags?post=50712"}],"curies":[{"name":"wp","href":"https:\/\/api.w.org\/{rel}","templated":true}]}}