{"id":5070,"date":"2014-04-24T08:20:29","date_gmt":"2014-04-24T11:20:29","guid":{"rendered":"http:\/\/www.sincomam.org.br\/?p=5070"},"modified":"2014-04-24T08:00:41","modified_gmt":"2014-04-24T11:00:41","slug":"presidente-da-astromaritima-sera-chamado-a-depor-em-comissao-da-camara","status":"publish","type":"post","link":"https:\/\/www.sincomam.org.br\/index.php\/presidente-da-astromaritima-sera-chamado-a-depor-em-comissao-da-camara\/","title":{"rendered":"Presidente da Astromar\u00edtima ser\u00e1 chamado a depor em comiss\u00e3o da C\u00e2mara"},"content":{"rendered":"<p>O diretor presidente da Astromar\u00edtima Navega\u00e7\u00e3o, Renato Cabral, ser\u00e1 convidado a prestar depoimento para a comiss\u00e3o da C\u00e2mara que investiga o suposto pagamento de propinas para funcion\u00e1rios da Petrobras por parte da holandesa SBM Offshore. O convite para Cabral foi aprovado ontem, ter\u00e7a-feira, 22, pelos deputados que integram a comiss\u00e3o.<\/p>\n<p>O autor do requerimento do convite, deputado Fernando Francischini (SDD-PR), argumentou que, assim como a SBM, a Astromar\u00edtima aluga embarca\u00e7\u00f5es para a estatal e, por isso, o depoimento de seu presidente pode ajudar a entender melhor o caso relacionado \u00e0 empresa holandesa.<\/p>\n<p>A Astromar\u00edtima entrou para o grupo de personagens dos esc\u00e2ndalos relacionados \u00e0 Petrobras ap\u00f3s reportagens exibidas pelo Fant\u00e1stico e pelo Jornal Nacional, ambos da TV Globo, afirmarem, na semana passada, que a Pol\u00edcia Federal apreendeu documentos em que o ex-diretor da Petrobras Paulo Roberto Costa, que est\u00e1 preso, afirma que receberia uma comiss\u00e3o da Astromar\u00edtima com base em contratos firmados com a estatal.<\/p>\n<p>Para Francischini, mesmo que a Astromar\u00edtima tenha apresentado sua vers\u00e3o por meio dos ve\u00edculos de imprensa, dizendo que seus contratos de fretamento de embarca\u00e7\u00f5es com a Petrobras s\u00e3o l\u00edcitos, o neg\u00f3cio continua sob suspeita.<\/p>\n<p>\u201cSe \u00e9 loca\u00e7\u00e3o de navios, pode ser que o mesmo setor de loca\u00e7\u00e3o de navios, que fez o contrato com a SBM, pode ter intermediado tamb\u00e9m com a Astromar\u00edtima. H\u00e1 uma grande chance de n\u00e3o ter dois setores na Petrobras que fa\u00e7a loca\u00e7\u00e3o de navios para a atividade fim\u201d, disse o deputado paranaense.<\/p>\n<p><b>TCU<\/b><\/p>\n<p>Na reuni\u00e3o desta ter\u00e7a, tamb\u00e9m a pedido de Francischini, a comiss\u00e3o aprovou o envio ao Tribunal de Contas da Uni\u00e3o (TCU) de uma solicita\u00e7\u00e3o de fiscaliza\u00e7\u00e3o nos contratos da Astromar\u00edtima com a Petrobras que foram citados nas anota\u00e7\u00f5es de Paulo Roberto Costa apreendidas pela Petrobras. O presidente da comiss\u00e3o, deputado Maur\u00edcio Quintella Lessa (PR-AL), disse que essa solicita\u00e7\u00e3o ser\u00e1 enviada diretamente ao TCU, sem passar por outras inst\u00e2ncias do Congresso, e receber\u00e1 tratamento priorit\u00e1rios dos auditores de contas porque se trata de uma solicita\u00e7\u00e3o do Congresso.<\/p>\n<p>Tamb\u00e9m foi aprovado, a pedido do deputado Anthony Garotinho (PR-RJ), o envio de um of\u00edcio ao Conselho de Controle de Atividades Financeiras (Coaf) para que sejam informadas \u00e0 comiss\u00e3o as movimenta\u00e7\u00f5es financeiras feitas pelo representante comercial da SBM no Brasil, Julio Faerman.<\/p>\n<p>Criada para ir \u00e0 Holanda investigar as suspeitas de que a SBM pagou propinas a funcion\u00e1rios da Petrobras, a comiss\u00e3o ainda n\u00e3o tem data para fazer a viagem. Os integrantes do grupo dizem que, antes de viajar, precisam reunir informa\u00e7\u00f5es que j\u00e1 est\u00e3o dispon\u00edveis no Brasil em \u00f3rg\u00e3os como a PF, o TCU e o Minist\u00e9rio P\u00fablico. Quintella Lessa disse, nesta ter\u00e7a, que, nos pr\u00f3ximos dias, tentar\u00e1 viabilizar a inclus\u00e3o na comitiva de representantes do TCU e do Minist\u00e9rio P\u00fablico federal. Isso, segundo ele, dar\u00e1 legitimidade \u00e0s informa\u00e7\u00f5es que forem obtidas na Holanda pelos deputados.<\/p>\n<p>Fonte: Valor Econ\u00f4mico\/Por F\u00e1bio Brandt &#8211; Foto: divulga\u00e7\u00e3o \/ Astromar\u00edtima Navega\u00e7\u00e3o<\/p>\n","protected":false},"excerpt":{"rendered":"<p>O diretor presidente da Astromar\u00edtima Navega\u00e7\u00e3o, Renato Cabral, ser\u00e1 convidado a prestar depoimento para a comiss\u00e3o da C\u00e2mara que investiga o suposto pagamento de propinas&#8230;<\/p>\n","protected":false},"author":1182,"featured_media":5071,"comment_status":"closed","ping_status":"closed","sticky":false,"template":"","format":"standard","meta":{"footnotes":""},"categories":[6],"tags":[996,732,958,297,314,742],"class_list":["post-5070","post","type-post","status-publish","format-standard","has-post-thumbnail","hentry","category-noticias","tag-astromaritima-navegacao","tag-camara","tag-depoimento","tag-investigacao","tag-presidente","tag-sbm-offshore"],"_links":{"self":[{"href":"https:\/\/www.sincomam.org.br\/index.php\/wp-json\/wp\/v2\/posts\/5070","targetHints":{"allow":["GET"]}}],"collection":[{"href":"https:\/\/www.sincomam.org.br\/index.php\/wp-json\/wp\/v2\/posts"}],"about":[{"href":"https:\/\/www.sincomam.org.br\/index.php\/wp-json\/wp\/v2\/types\/post"}],"author":[{"embeddable":true,"href":"https:\/\/www.sincomam.org.br\/index.php\/wp-json\/wp\/v2\/users\/1182"}],"replies":[{"embeddable":true,"href":"https:\/\/www.sincomam.org.br\/index.php\/wp-json\/wp\/v2\/comments?post=5070"}],"version-history":[{"count":1,"href":"https:\/\/www.sincomam.org.br\/index.php\/wp-json\/wp\/v2\/posts\/5070\/revisions"}],"predecessor-version":[{"id":5072,"href":"https:\/\/www.sincomam.org.br\/index.php\/wp-json\/wp\/v2\/posts\/5070\/revisions\/5072"}],"wp:featuredmedia":[{"embeddable":true,"href":"https:\/\/www.sincomam.org.br\/index.php\/wp-json\/wp\/v2\/media\/5071"}],"wp:attachment":[{"href":"https:\/\/www.sincomam.org.br\/index.php\/wp-json\/wp\/v2\/media?parent=5070"}],"wp:term":[{"taxonomy":"category","embeddable":true,"href":"https:\/\/www.sincomam.org.br\/index.php\/wp-json\/wp\/v2\/categories?post=5070"},{"taxonomy":"post_tag","embeddable":true,"href":"https:\/\/www.sincomam.org.br\/index.php\/wp-json\/wp\/v2\/tags?post=5070"}],"curies":[{"name":"wp","href":"https:\/\/api.w.org\/{rel}","templated":true}]}}