{"id":50687,"date":"2024-04-04T08:49:20","date_gmt":"2024-04-04T11:49:20","guid":{"rendered":"http:\/\/www.sincomam.org.br\/?p=50687"},"modified":"2024-04-04T08:49:20","modified_gmt":"2024-04-04T11:49:20","slug":"marinha-do-brasil-e-a-economia-azul-foco-na-industria-naval-do-rs","status":"publish","type":"post","link":"https:\/\/www.sincomam.org.br\/index.php\/marinha-do-brasil-e-a-economia-azul-foco-na-industria-naval-do-rs\/","title":{"rendered":"MARINHA DO BRASIL E A ECONOMIA AZUL: FOCO NA IND\u00daSTRIA NAVAL DO RS"},"content":{"rendered":"<p>No cen\u00e1rio do crescente reconhecimento da Economia Azul como vetor de desenvolvimento sustent\u00e1vel, o Rio Grande do Sul tornou-se palco de discuss\u00f5es estrat\u00e9gicas sobre o futuro da Ind\u00fastria Naval brasileira. Em 28 de mar\u00e7o, durante o 2\u00ba F\u00f3rum de Desenvolvimento da Economia Azul RS, realizado na C\u00e2mara de Com\u00e9rcio em Rio Grande, importantes figuras do setor naval, pol\u00edtico e empresarial reuniram-se para debater alternativas e caminhos para a revitaliza\u00e7\u00e3o e o crescimento da ind\u00fastria naval no estado.<\/p>\n<p><strong>A Marinha e a Economia Azul: Uma Sinergia Estrat\u00e9gica<\/strong><\/p>\n<p>Dentre os participantes, o Vice-Almirante Augusto Jos\u00e9 da Silva Fonseca Junior, Comandante do 5\u00ba Distrito Naval, destacou-se ao proferir a palestra \u201cProjetos Estrat\u00e9gicos no \u00e2mbito do 5\u00ba Distrito Naval e Oportunidades para a Ind\u00fastria\u201d. Nela, o Almirante elucidou o papel da Marinha do Brasil na prepara\u00e7\u00e3o e emprego do Poder Naval, sublinhando sua contribui\u00e7\u00e3o vital para a defesa da P\u00e1tria, a garantia dos poderes constitucionais e o apoio \u00e0 pol\u00edtica externa.<\/p>\n<p><strong>Projetos Estrat\u00e9gicos e o Impulso \u00e0 Ind\u00fastria Naval<\/strong><\/p>\n<p>O foco na apresenta\u00e7\u00e3o de projetos estrat\u00e9gicos, como o Programa de Submarinos (PROSUB) e o Programa de Obten\u00e7\u00e3o de Meios de Superf\u00edcie (PROSUPER), al\u00e9m da implanta\u00e7\u00e3o de Aeronaves Navais UH-15 no Sul do Brasil, ressaltou a import\u00e2ncia da regi\u00e3o no contexto nacional de defesa e seguran\u00e7a. Tais iniciativas n\u00e3o apenas refor\u00e7am a capacidade operacional e defensiva do Brasil, mas tamb\u00e9m abrem portas para in\u00fameras oportunidades de desenvolvimento industrial, tecnol\u00f3gico e econ\u00f4mico para o Rio Grande do Sul.<\/p>\n<p><strong>Di\u00e1logo entre Setores: A Chave para Avan\u00e7os<\/strong><\/p>\n<p>A interlocu\u00e7\u00e3o entre a Marinha, representantes governamentais, como o Deputado Federal Alexandre Lindenmeyer, e figuras-chave da ind\u00fastria, como Andr\u00e9 Guardin da Gerdau A\u00e7os Longos S\/A e Ricardo \u00c1vila da Ecovix, simboliza o potencial da colabora\u00e7\u00e3o intersectorial. Este di\u00e1logo visa n\u00e3o apenas abordar os desafios enfrentados pela ind\u00fastria naval, mas tamb\u00e9m explorar sinergias que possam impulsionar a Economia Azul no estado, promovendo inova\u00e7\u00e3o, sustentabilidade e gera\u00e7\u00e3o de empregos.<\/p>\n<p><strong>O Futuro da Ind\u00fastria Naval no RS<\/strong><\/p>\n<p>O 2\u00ba F\u00f3rum de Desenvolvimento da Economia Azul RS e as discuss\u00f5es geradas no evento sublinham o compromisso do Rio Grande do Sul e de seus parceiros na busca por uma ind\u00fastria naval robusta, inovadora e sustent\u00e1vel. Atrav\u00e9s de estrat\u00e9gias alinhadas com os princ\u00edpios da Economia Azul, espera-se que o estado possa n\u00e3o apenas superar os desafios atuais, mas tamb\u00e9m se posicionar como l\u00edder na vanguarda da ind\u00fastria naval nacional e internacional.<\/p>\n<p>Fonte: Defesa em Foco<\/p>\n","protected":false},"excerpt":{"rendered":"<p>No cen\u00e1rio do crescente reconhecimento da Economia Azul como vetor de desenvolvimento sustent\u00e1vel, o Rio Grande do Sul tornou-se palco de discuss\u00f5es estrat\u00e9gicas sobre o&#8230;<\/p>\n","protected":false},"author":1527,"featured_media":50688,"comment_status":"closed","ping_status":"closed","sticky":false,"template":"","format":"standard","meta":{"footnotes":""},"categories":[6],"tags":[],"class_list":["post-50687","post","type-post","status-publish","format-standard","has-post-thumbnail","hentry","category-noticias"],"_links":{"self":[{"href":"https:\/\/www.sincomam.org.br\/index.php\/wp-json\/wp\/v2\/posts\/50687","targetHints":{"allow":["GET"]}}],"collection":[{"href":"https:\/\/www.sincomam.org.br\/index.php\/wp-json\/wp\/v2\/posts"}],"about":[{"href":"https:\/\/www.sincomam.org.br\/index.php\/wp-json\/wp\/v2\/types\/post"}],"author":[{"embeddable":true,"href":"https:\/\/www.sincomam.org.br\/index.php\/wp-json\/wp\/v2\/users\/1527"}],"replies":[{"embeddable":true,"href":"https:\/\/www.sincomam.org.br\/index.php\/wp-json\/wp\/v2\/comments?post=50687"}],"version-history":[{"count":1,"href":"https:\/\/www.sincomam.org.br\/index.php\/wp-json\/wp\/v2\/posts\/50687\/revisions"}],"predecessor-version":[{"id":50689,"href":"https:\/\/www.sincomam.org.br\/index.php\/wp-json\/wp\/v2\/posts\/50687\/revisions\/50689"}],"wp:featuredmedia":[{"embeddable":true,"href":"https:\/\/www.sincomam.org.br\/index.php\/wp-json\/wp\/v2\/media\/50688"}],"wp:attachment":[{"href":"https:\/\/www.sincomam.org.br\/index.php\/wp-json\/wp\/v2\/media?parent=50687"}],"wp:term":[{"taxonomy":"category","embeddable":true,"href":"https:\/\/www.sincomam.org.br\/index.php\/wp-json\/wp\/v2\/categories?post=50687"},{"taxonomy":"post_tag","embeddable":true,"href":"https:\/\/www.sincomam.org.br\/index.php\/wp-json\/wp\/v2\/tags?post=50687"}],"curies":[{"name":"wp","href":"https:\/\/api.w.org\/{rel}","templated":true}]}}