{"id":50681,"date":"2024-04-04T08:47:18","date_gmt":"2024-04-04T11:47:18","guid":{"rendered":"http:\/\/www.sincomam.org.br\/?p=50681"},"modified":"2024-04-04T08:47:18","modified_gmt":"2024-04-04T11:47:18","slug":"itajai-e-portonave-movimentam-1-130-433-toneladas-em-fevereiro","status":"publish","type":"post","link":"https:\/\/www.sincomam.org.br\/index.php\/itajai-e-portonave-movimentam-1-130-433-toneladas-em-fevereiro\/","title":{"rendered":"Itaja\u00ed e Portonave movimentam 1.130.433 toneladas em fevereiro"},"content":{"rendered":"<p>No m\u00eas de fevereiro, o Complexo Portu\u00e1rio do Rio Itaja\u00ed-A\u00e7u alcan\u00e7ou um volume total de movimenta\u00e7\u00e3o de carga de 1.130.433 toneladas. Deste total, 547.384 toneladas foram direcionadas para exporta\u00e7\u00e3o, e 583.049 toneladas foram destinadas \u00e0 importa\u00e7\u00e3o. No acumulado dos dois primeiros meses do ano, o complexo portu\u00e1rio movimentou um total de 2.138.078 toneladas.<\/p>\n<p>Foram movimentados 106.105 TEUs em fevereiro e um total de 203.119 TEUs nos primeiros dois meses de 2024.<\/p>\n<p>Em fevereiro foram realizadas 74 atraca\u00e7\u00f5es, das quais 48 na Portonave, 12 no Porto de Itaja\u00ed, tr\u00eas no TUP Teporti, 10 no TUP Barra do Rio, uma no TUP Braskarne e nenhuma movimenta\u00e7\u00e3o no TUP Poly Terminais.<\/p>\n<p>Na Portonave, a movimenta\u00e7\u00e3o em fevereiro totalizou 1.081.067 toneladas e 106.075 TEUs. No acumulado de janeiro a fevereiro, o complexo movimentou 2.033.469 toneladas e 203.089 TEUs. No Porto de Itaja\u00ed, a movimenta\u00e7\u00e3o total de cargas atingiu 33.303 toneladas em fevereiro, sendo 70.681 toneladas no primeiro acumulado anual.<\/p>\n<p>Destaque ainda em fevereiro, a atraca\u00e7\u00e3o de nove navios de cruzeiros mar\u00edtimos da temporada 2023\/2024. De acordo com a Secretaria Municipal de Turismo e Eventos, a estimativa \u00e9 que 110 mil turistas de cruzeiros tenham passado por Itaja\u00ed at\u00e9 o fim de mar\u00e7o, final da atual temporada, podendo movimentar mais de R$ 60 milh\u00f5es.<\/p>\n<p>Fonte: Portos e Navios<\/p>\n","protected":false},"excerpt":{"rendered":"<p>No m\u00eas de fevereiro, o Complexo Portu\u00e1rio do Rio Itaja\u00ed-A\u00e7u alcan\u00e7ou um volume total de movimenta\u00e7\u00e3o de carga de 1.130.433 toneladas. Deste total, 547.384 toneladas&#8230;<\/p>\n","protected":false},"author":1527,"featured_media":50682,"comment_status":"closed","ping_status":"closed","sticky":false,"template":"","format":"standard","meta":{"footnotes":""},"categories":[6],"tags":[],"class_list":["post-50681","post","type-post","status-publish","format-standard","has-post-thumbnail","hentry","category-noticias"],"_links":{"self":[{"href":"https:\/\/www.sincomam.org.br\/index.php\/wp-json\/wp\/v2\/posts\/50681","targetHints":{"allow":["GET"]}}],"collection":[{"href":"https:\/\/www.sincomam.org.br\/index.php\/wp-json\/wp\/v2\/posts"}],"about":[{"href":"https:\/\/www.sincomam.org.br\/index.php\/wp-json\/wp\/v2\/types\/post"}],"author":[{"embeddable":true,"href":"https:\/\/www.sincomam.org.br\/index.php\/wp-json\/wp\/v2\/users\/1527"}],"replies":[{"embeddable":true,"href":"https:\/\/www.sincomam.org.br\/index.php\/wp-json\/wp\/v2\/comments?post=50681"}],"version-history":[{"count":1,"href":"https:\/\/www.sincomam.org.br\/index.php\/wp-json\/wp\/v2\/posts\/50681\/revisions"}],"predecessor-version":[{"id":50683,"href":"https:\/\/www.sincomam.org.br\/index.php\/wp-json\/wp\/v2\/posts\/50681\/revisions\/50683"}],"wp:featuredmedia":[{"embeddable":true,"href":"https:\/\/www.sincomam.org.br\/index.php\/wp-json\/wp\/v2\/media\/50682"}],"wp:attachment":[{"href":"https:\/\/www.sincomam.org.br\/index.php\/wp-json\/wp\/v2\/media?parent=50681"}],"wp:term":[{"taxonomy":"category","embeddable":true,"href":"https:\/\/www.sincomam.org.br\/index.php\/wp-json\/wp\/v2\/categories?post=50681"},{"taxonomy":"post_tag","embeddable":true,"href":"https:\/\/www.sincomam.org.br\/index.php\/wp-json\/wp\/v2\/tags?post=50681"}],"curies":[{"name":"wp","href":"https:\/\/api.w.org\/{rel}","templated":true}]}}