{"id":50652,"date":"2024-04-03T07:42:26","date_gmt":"2024-04-03T10:42:26","guid":{"rendered":"http:\/\/www.sincomam.org.br\/?p=50652"},"modified":"2024-04-03T07:42:26","modified_gmt":"2024-04-03T10:42:26","slug":"lula-promete-recuperar-a-industria-naval-e-defende-politicas-de-incentivo-ao-setor","status":"publish","type":"post","link":"https:\/\/www.sincomam.org.br\/index.php\/lula-promete-recuperar-a-industria-naval-e-defende-politicas-de-incentivo-ao-setor\/","title":{"rendered":"Lula promete \u201crecuperar a ind\u00fastria naval\u201d e defende pol\u00edticas de incentivo ao setor"},"content":{"rendered":"<p>Ao participar do an\u00fancio do in\u00edcio das obras de dragagem do Canal de S\u00e3o Louren\u00e7o, em Niter\u00f3i (RJ), nesta ter\u00e7a-feira (2), o presidente\u00a0Luiz In\u00e1cio Lula da Silva (PT)\u00a0indicou que o governo federal deve focar em \u201cpol\u00edticas de incentivo\u201d para recuperar a ind\u00fastria naval do pa\u00eds.<\/p>\n<p>Em discurso durante o evento nesta tarde, ao lado do governador do Rio,\u00a0Cl\u00e1udio Castro (PL), Lula n\u00e3o deu maiores detalhes a respeito de como funcionariam esses incentivos, mas deixou claro que seu governo apostar\u00e1 no fortalecimento da ind\u00fastria naval nacional.<\/p>\n<p>\u201cA gente vai recuperar a ind\u00fastria naval brasileira. N\u00e3o \u00e9 poss\u00edvel um pa\u00eds do tamanho do Brasil, com 90% de todo o com\u00e9rcio feito atrav\u00e9s do mar. N\u00e3o tem sentido a gente ter d\u00e9ficit comercial na balan\u00e7a porque os nossos produtos s\u00e3o exportados e comprados em navios de bandeira estrangeira\u201d, disse o presidente.<\/p>\n<p>\u201c\u00c9 verdade que pode ser mais barato em alguns centavos. \u00c9 verdade que pode ser mais barato em alguns d\u00f3lares. Mas o fato de a gente alugar um navio l\u00e1 fora faz a gente n\u00e3o gera emprego aqui. A gente n\u00e3o cria pequenas e m\u00e9dias ind\u00fastrias aqui. A gente n\u00e3o vai ter componente nacional. A gente vai trazer produtos mais baratos, mas o povo vai estar desempregado\u201d, prosseguiu Lula.<\/p>\n<p>Segundo o petista, o principal objetivo do governo deve ser a gera\u00e7\u00e3o de empregos dentro do Brasil. \u201cPorque o emprego gera renda, a renda gera consumo e o consumo gera desenvolvimento\u201d, afirmou. \u201cN\u00f3s precisamos de pol\u00edticas de incentivo, que t\u00eam de partir do governo federal. No meu governo passado, a gente financiou rede, financiou barco. A gente tem que voltar a financiar\u201d, defendeu Lula.<\/p>\n<p>Ainda segundo o chefe do Executivo, \u201cn\u00e3o existe possibilidade de a gente recuperar este pa\u00eds se a economia n\u00e3o voltar a crescer\u201d. \u201cA economia voltando a crescer, ela vai gerar emprego. O emprego gera consumo. O consumo gera mais emprego e, assim, a roda gigante da economia vai girando e a gente vai voltar a crescer\u201d, afirmou.<\/p>\n<p>Em seu discurso, Lula relembrou o compromisso firmado ainda na campanha eleitoral de 2002, em sua primeira vit\u00f3ria para a Presid\u00eancia da Rep\u00fablica. \u201cDesde 2002, quando eu disputei a elei\u00e7\u00e3o para presidente, eu disse que a gente iria recuperar a ind\u00fastria naval brasileira. Naquele tempo, os estaleiros estavam todos praticamente paralisados\u201d, observou.<\/p>\n<p>\u201cN\u00f3s assumimos o compromisso de que a gente iria recuperar a ind\u00fastria naval brasileira. A gente saiu de menos de 3 mil trabalhadores para 86 mil trabalhadores na ind\u00fastria naval, com v\u00e1rios estaleiros montados e funcionando em diversos lugares\u201d, concluiu Lula, citando seus dois governos anteriores.<\/p>\n<h2 id=\"h-a-obra-em-niteroi\" class=\"wp-block-heading\">A obra em Niter\u00f3i<\/h2>\n<p>Segundo informa\u00e7\u00f5es do Pal\u00e1cio do Planalto, o desassoreamento de um trecho da Ba\u00eda de Guanabara, entre a Ilha da Concei\u00e7\u00e3o e a Ponte Rio-Niter\u00f3i, aumentar\u00e1 de 7 para 11 metros a profundidade do local, o que deve permitir o aumento da fun\u00e7\u00e3o operacional dos estaleiros e estimular novas constru\u00e7\u00f5es de embarca\u00e7\u00f5es, al\u00e9m da movimenta\u00e7\u00e3o do setor de reparos e offshore.<\/p>\n<p>A expectativa do governo \u00e9 a de gerar, durante toda a execu\u00e7\u00e3o da obra, cerca de 20 mil empregos. O Porto de Niter\u00f3i prev\u00ea mais de 30% de aumento nas atraca\u00e7\u00f5es e nos servi\u00e7os portu\u00e1rios ap\u00f3s a dragagem do Canal de S\u00e3o Louren\u00e7o.<\/p>\n<p>A obra soma R$ 157 milh\u00f5es em investimentos, dos quais R$ 137 milh\u00f5es provenientes da prefeitura de Niter\u00f3i e R$ 20 milh\u00f5es oriundos da Companhia Docas do Rio de Janeiro, empresa p\u00fablica do governo federal.<\/p>\n","protected":false},"excerpt":{"rendered":"<p>Ao participar do an\u00fancio do in\u00edcio das obras de dragagem do Canal de S\u00e3o Louren\u00e7o, em Niter\u00f3i (RJ), nesta ter\u00e7a-feira (2), o presidente\u00a0Luiz In\u00e1cio Lula&#8230;<\/p>\n","protected":false},"author":1527,"featured_media":50653,"comment_status":"closed","ping_status":"closed","sticky":false,"template":"","format":"standard","meta":{"footnotes":""},"categories":[6],"tags":[],"class_list":["post-50652","post","type-post","status-publish","format-standard","has-post-thumbnail","hentry","category-noticias"],"_links":{"self":[{"href":"https:\/\/www.sincomam.org.br\/index.php\/wp-json\/wp\/v2\/posts\/50652","targetHints":{"allow":["GET"]}}],"collection":[{"href":"https:\/\/www.sincomam.org.br\/index.php\/wp-json\/wp\/v2\/posts"}],"about":[{"href":"https:\/\/www.sincomam.org.br\/index.php\/wp-json\/wp\/v2\/types\/post"}],"author":[{"embeddable":true,"href":"https:\/\/www.sincomam.org.br\/index.php\/wp-json\/wp\/v2\/users\/1527"}],"replies":[{"embeddable":true,"href":"https:\/\/www.sincomam.org.br\/index.php\/wp-json\/wp\/v2\/comments?post=50652"}],"version-history":[{"count":1,"href":"https:\/\/www.sincomam.org.br\/index.php\/wp-json\/wp\/v2\/posts\/50652\/revisions"}],"predecessor-version":[{"id":50654,"href":"https:\/\/www.sincomam.org.br\/index.php\/wp-json\/wp\/v2\/posts\/50652\/revisions\/50654"}],"wp:featuredmedia":[{"embeddable":true,"href":"https:\/\/www.sincomam.org.br\/index.php\/wp-json\/wp\/v2\/media\/50653"}],"wp:attachment":[{"href":"https:\/\/www.sincomam.org.br\/index.php\/wp-json\/wp\/v2\/media?parent=50652"}],"wp:term":[{"taxonomy":"category","embeddable":true,"href":"https:\/\/www.sincomam.org.br\/index.php\/wp-json\/wp\/v2\/categories?post=50652"},{"taxonomy":"post_tag","embeddable":true,"href":"https:\/\/www.sincomam.org.br\/index.php\/wp-json\/wp\/v2\/tags?post=50652"}],"curies":[{"name":"wp","href":"https:\/\/api.w.org\/{rel}","templated":true}]}}