{"id":50638,"date":"2024-04-02T02:36:25","date_gmt":"2024-04-02T05:36:25","guid":{"rendered":"http:\/\/www.sincomam.org.br\/?p=50638"},"modified":"2024-04-02T02:36:25","modified_gmt":"2024-04-02T05:36:25","slug":"em-10-anos-numero-de-beneficios-pagos-pelo-inss-cresce-tres-vezes-mais-do-que-o-de-contribuintes","status":"publish","type":"post","link":"https:\/\/www.sincomam.org.br\/index.php\/em-10-anos-numero-de-beneficios-pagos-pelo-inss-cresce-tres-vezes-mais-do-que-o-de-contribuintes\/","title":{"rendered":"Em 10 anos, n\u00famero de benef\u00edcios pagos pelo INSS cresce tr\u00eas vezes mais do que o de contribuintes"},"content":{"rendered":"<div id=\"chunk-2fvdf\">\n<div class=\"mc-column content-text active-extra-styles \" data-block-type=\"unstyled\" data-block-weight=\"29\" data-block-id=\"2\">\n<p class=\" content-text__container \" data-track-category=\"Link no Texto\" data-track-links=\"\" data-mrf-recirculation=\"Article links\">Um estudo sobre as contas da\u00a0Previd\u00eancia Social\u00a0constatou que, em dez anos, o n\u00famero de benef\u00edcios pagos pelo\u00a0INSS\u00a0cresceu tr\u00eas vezes mais do que o de contribuintes.<\/p>\n<\/div>\n<\/div>\n<div class=\"wall protected-content\">\n<div id=\"chunk-945su\">\n<div class=\"mc-column content-text active-extra-styles \" data-block-type=\"unstyled\" data-block-weight=\"49\" data-block-id=\"4\">\n<p class=\" content-text__container \" data-track-category=\"Link no Texto\" data-track-links=\"\" data-mrf-recirculation=\"Article links\">O levantamento foi publicado pelo jornal &#8220;O Globo&#8221;. O economista Rog\u00e9rio Nagamine, especialista em pol\u00edticas p\u00fablicas, analisou as contribui\u00e7\u00f5es e pagamentos da previd\u00eancia de 2012 a 2022 com base na Pesquisa Nacional por Amostra de Domic\u00edlios, do\u00a0IBGE, levando em considera\u00e7\u00e3o quem fez ao menos uma contribui\u00e7\u00e3o ao ano.<\/p>\n<\/div>\n<\/div>\n<div id=\"chunk-8b6e0\">\n<div class=\"mc-column content-text active-extra-styles \" data-block-type=\"unstyled\" data-block-weight=\"57\" data-block-id=\"5\">\n<p class=\" content-text__container \" data-track-category=\"Link no Texto\" data-track-links=\"\" data-mrf-recirculation=\"Article links\">Enquanto o n\u00famero de contribuintes para a previd\u00eancia aumentou, em m\u00e9dia, 0,7% ao ano, os pagamentos de benef\u00edcios como aposentadorias e aux\u00edlios saltaram tr\u00eas vezes mais: uma m\u00e9dia de 2,2% ao ano.\u00a0<span class=\"highlight highlighted\">Ou seja, as contribui\u00e7\u00f5es dos trabalhadores \u00e0 previd\u00eancia n\u00e3o acompanham a velocidade do pagamento de benef\u00edcios que crescem muito e em um ritmo mais r\u00e1pido.<\/span><\/p>\n<p data-track-category=\"Link no Texto\" data-track-links=\"\" data-mrf-recirculation=\"Article links\">O estudo mostrou que, da popula\u00e7\u00e3o economicamente ativa de 129 milh\u00f5es de pessoas, mais de 70 milh\u00f5es n\u00e3o contribu\u00edram para a previd\u00eancia. Rog\u00e9rio Nagamine, que foi subsecret\u00e1rio do regime geral de Previd\u00eancia Social no governo passado, afirmou que o envelhecimento da popula\u00e7\u00e3o brasileira tem desequilibrando o sistema.<\/p>\n<p data-track-category=\"Link no Texto\" data-track-links=\"\" data-mrf-recirculation=\"Article links\">Como justificativas para o desequil\u00edbrio, o estudo tamb\u00e9m listou desempenho fraco da economia brasileira no per\u00edodo analisado e a evolu\u00e7\u00e3o do mercado de trabalho abaixo da esperada. Mostrou ainda que a escolaridade tem rela\u00e7\u00e3o direta com a contribui\u00e7\u00e3o. Apenas 13% dos trabalhadores sem instru\u00e7\u00e3o ou com menos de um ano de estudo contribuem para a previd\u00eancia. No caso de trabalhadores com ensino superior, o n\u00famero \u00e9 de 72%.<\/p>\n<div id=\"chunk-2valr\">\n<div class=\"mc-column content-text active-extra-styles \" data-block-type=\"unstyled\" data-block-weight=\"63\" data-block-id=\"13\">\n<p class=\" content-text__container \" data-track-category=\"Link no Texto\" data-track-links=\"\" data-mrf-recirculation=\"Article links\">Economistas avaliam que a \u00faltima reforma da previd\u00eancia, aprovada no Congresso em 2019, foi essencial para impedir um descontrole no sistema. No entanto, ela n\u00e3o foi completa &#8212; alguns pontos foram retirados da proposta para garantir a aprova\u00e7\u00e3o &#8212; e a diferen\u00e7a entre o que entra e o que sai da previd\u00eancia continua a preocupar, o que vai exigir novas reformas no futuro.<\/p>\n<\/div>\n<\/div>\n<div id=\"chunk-4mm3l\">\n<div class=\"mc-column content-text active-extra-styles \" data-block-type=\"unstyled\" data-block-weight=\"31\" data-block-id=\"14\">\n<p class=\" content-text__container \" data-track-category=\"Link no Texto\" data-track-links=\"\" data-mrf-recirculation=\"Article links\">O gasto com a previd\u00eancia \u00e9 o maior do or\u00e7amento p\u00fablico. Leonardo Rolim, ex-presidente do INSS, afirmou que o sistema precisa de ajustes constantes, porque a longevidade da popula\u00e7\u00e3o est\u00e1 aumentando.<\/p>\n<p data-track-category=\"Link no Texto\" data-track-links=\"\" data-mrf-recirculation=\"Article links\">Fonte: G1<\/p>\n<\/div>\n<\/div>\n<\/div>\n<\/div>\n<\/div>\n","protected":false},"excerpt":{"rendered":"<p>Um estudo sobre as contas da\u00a0Previd\u00eancia Social\u00a0constatou que, em dez anos, o n\u00famero de benef\u00edcios pagos pelo\u00a0INSS\u00a0cresceu tr\u00eas vezes mais do que o de contribuintes&#8230;.<\/p>\n","protected":false},"author":1527,"featured_media":46888,"comment_status":"closed","ping_status":"closed","sticky":false,"template":"","format":"standard","meta":{"footnotes":""},"categories":[6],"tags":[],"class_list":["post-50638","post","type-post","status-publish","format-standard","has-post-thumbnail","hentry","category-noticias"],"_links":{"self":[{"href":"https:\/\/www.sincomam.org.br\/index.php\/wp-json\/wp\/v2\/posts\/50638","targetHints":{"allow":["GET"]}}],"collection":[{"href":"https:\/\/www.sincomam.org.br\/index.php\/wp-json\/wp\/v2\/posts"}],"about":[{"href":"https:\/\/www.sincomam.org.br\/index.php\/wp-json\/wp\/v2\/types\/post"}],"author":[{"embeddable":true,"href":"https:\/\/www.sincomam.org.br\/index.php\/wp-json\/wp\/v2\/users\/1527"}],"replies":[{"embeddable":true,"href":"https:\/\/www.sincomam.org.br\/index.php\/wp-json\/wp\/v2\/comments?post=50638"}],"version-history":[{"count":1,"href":"https:\/\/www.sincomam.org.br\/index.php\/wp-json\/wp\/v2\/posts\/50638\/revisions"}],"predecessor-version":[{"id":50639,"href":"https:\/\/www.sincomam.org.br\/index.php\/wp-json\/wp\/v2\/posts\/50638\/revisions\/50639"}],"wp:featuredmedia":[{"embeddable":true,"href":"https:\/\/www.sincomam.org.br\/index.php\/wp-json\/wp\/v2\/media\/46888"}],"wp:attachment":[{"href":"https:\/\/www.sincomam.org.br\/index.php\/wp-json\/wp\/v2\/media?parent=50638"}],"wp:term":[{"taxonomy":"category","embeddable":true,"href":"https:\/\/www.sincomam.org.br\/index.php\/wp-json\/wp\/v2\/categories?post=50638"},{"taxonomy":"post_tag","embeddable":true,"href":"https:\/\/www.sincomam.org.br\/index.php\/wp-json\/wp\/v2\/tags?post=50638"}],"curies":[{"name":"wp","href":"https:\/\/api.w.org\/{rel}","templated":true}]}}