{"id":5063,"date":"2014-04-24T08:00:02","date_gmt":"2014-04-24T11:00:02","guid":{"rendered":"http:\/\/www.sincomam.org.br\/?p=5063"},"modified":"2014-04-24T07:52:18","modified_gmt":"2014-04-24T10:52:18","slug":"navio-oceanografico-antares-desenvolve-operacao-na-regiao-litoranea","status":"publish","type":"post","link":"https:\/\/www.sincomam.org.br\/index.php\/navio-oceanografico-antares-desenvolve-operacao-na-regiao-litoranea\/","title":{"rendered":"Navio Oceanogr\u00e1fico Antares desenvolve opera\u00e7\u00e3o na regi\u00e3o litor\u00e2nea"},"content":{"rendered":"<p>O Navio Oceanogr\u00e1fico \u201cAntares\u201d, da Marinha do Brasil, atracou no Porto do Rio Grande no s\u00e1bado (19). A embarca\u00e7\u00e3o participa da Opera\u00e7\u00e3o \u201cPNBOIA II\/2014\u201d, que acontece na regi\u00e3o litor\u00e2nea entre os estados do Rio de Janeiro e Rio Grande do Sul, que se desenvolve desde o \u00faltimo dia 14 de abril e estende-se at\u00e9 26 de abril.<\/p>\n<p>A Opera\u00e7\u00e3o PNBOIA II\/2014 apoia o Programa Nacional de Boias (PNBOIA), que tem como prop\u00f3sitos contribuir para obten\u00e7\u00e3o e disponibiliza\u00e7\u00e3o de dados oceanogr\u00e1ficos e meteorol\u00f3gicos no Atl\u00e2ntico \u00e0 comunidade cient\u00edfica brasileira, em \u00e1reas oce\u00e2nicas sob jurisdi\u00e7\u00e3o do Brasil.<\/p>\n<p>\u00a0coleta dos dados \u00e9 realizada por meio de uma rede de boias meteoceanogr\u00e1ficas de deriva e de fundeio, em apoio \u00e0s atividades de meteorologia e oceanografia do Brasil, beneficiando os setores de Defesa Civil, Agricultura, Zona Costeira, Recursos Vivos, Valida\u00e7\u00e3o de Dados de Sat\u00e9lite, Atividades da Ind\u00fastria do Petr\u00f3leo e de Meio Ambiente, Instala\u00e7\u00f5es Offshore, Portos e Estruturas Costeiras, Transportes Mar\u00edtimos, Seguran\u00e7a da Navega\u00e7\u00e3o e Salvaguarda da Vida Humana no Mar. O Navio Oceanogr\u00e1fico Antares permaneceu no Munic\u00edpio at\u00e9 esta ter\u00e7a (22), quando retornou ao Rio de Janeiro-RJ.<\/p>\n<p>Fonte: Jornal Agora (RS)<\/p>\n","protected":false},"excerpt":{"rendered":"<p>O Navio Oceanogr\u00e1fico \u201cAntares\u201d, da Marinha do Brasil, atracou no Porto do Rio Grande no s\u00e1bado (19). A embarca\u00e7\u00e3o participa da Opera\u00e7\u00e3o \u201cPNBOIA II\/2014\u201d, que&#8230;<\/p>\n","protected":false},"author":1182,"featured_media":5064,"comment_status":"closed","ping_status":"closed","sticky":false,"template":"","format":"standard","meta":{"footnotes":""},"categories":[6],"tags":[993,15,47,992],"class_list":["post-5063","post","type-post","status-publish","format-standard","has-post-thumbnail","hentry","category-noticias","tag-antares","tag-marinha","tag-navio","tag-oceanografico"],"_links":{"self":[{"href":"https:\/\/www.sincomam.org.br\/index.php\/wp-json\/wp\/v2\/posts\/5063","targetHints":{"allow":["GET"]}}],"collection":[{"href":"https:\/\/www.sincomam.org.br\/index.php\/wp-json\/wp\/v2\/posts"}],"about":[{"href":"https:\/\/www.sincomam.org.br\/index.php\/wp-json\/wp\/v2\/types\/post"}],"author":[{"embeddable":true,"href":"https:\/\/www.sincomam.org.br\/index.php\/wp-json\/wp\/v2\/users\/1182"}],"replies":[{"embeddable":true,"href":"https:\/\/www.sincomam.org.br\/index.php\/wp-json\/wp\/v2\/comments?post=5063"}],"version-history":[{"count":1,"href":"https:\/\/www.sincomam.org.br\/index.php\/wp-json\/wp\/v2\/posts\/5063\/revisions"}],"predecessor-version":[{"id":5065,"href":"https:\/\/www.sincomam.org.br\/index.php\/wp-json\/wp\/v2\/posts\/5063\/revisions\/5065"}],"wp:featuredmedia":[{"embeddable":true,"href":"https:\/\/www.sincomam.org.br\/index.php\/wp-json\/wp\/v2\/media\/5064"}],"wp:attachment":[{"href":"https:\/\/www.sincomam.org.br\/index.php\/wp-json\/wp\/v2\/media?parent=5063"}],"wp:term":[{"taxonomy":"category","embeddable":true,"href":"https:\/\/www.sincomam.org.br\/index.php\/wp-json\/wp\/v2\/categories?post=5063"},{"taxonomy":"post_tag","embeddable":true,"href":"https:\/\/www.sincomam.org.br\/index.php\/wp-json\/wp\/v2\/tags?post=5063"}],"curies":[{"name":"wp","href":"https:\/\/api.w.org\/{rel}","templated":true}]}}