{"id":50604,"date":"2024-04-01T10:22:12","date_gmt":"2024-04-01T13:22:12","guid":{"rendered":"http:\/\/www.sincomam.org.br\/?p=50604"},"modified":"2024-04-01T10:22:12","modified_gmt":"2024-04-01T13:22:12","slug":"anp-assina-carta-de-intencoes-com-orgao-regulador-da-franca-relacionada-a-transicao-energetica","status":"publish","type":"post","link":"https:\/\/www.sincomam.org.br\/index.php\/anp-assina-carta-de-intencoes-com-orgao-regulador-da-franca-relacionada-a-transicao-energetica\/","title":{"rendered":"ANP assina carta de inten\u00e7\u00f5es com \u00f3rg\u00e3o regulador da Fran\u00e7a relacionada \u00e0 transi\u00e7\u00e3o energ\u00e9tica"},"content":{"rendered":"<p>AANP assinou em 26 de mar\u00e7o uma carta de inten\u00e7\u00f5es voltada para medidas relacionadas \u00e0 transi\u00e7\u00e3o energ\u00e9tica, com a Comission de R\u00e9gulation de l\u2019Energie (CRE), \u00f3rg\u00e3o regulador de energia da Fran\u00e7a,<\/p>\n<p>O documento declara a inten\u00e7\u00e3o de os \u00f3rg\u00e3os trabalharem em conjunto, a partir da coopera\u00e7\u00e3o para atividades relacionadas a quest\u00f5es regulat\u00f3rias, compartilhamento das melhores pr\u00e1ticas e trocas de informa\u00e7\u00f5es para apoiar a transi\u00e7\u00e3o energ\u00e9tica e seu arcabou\u00e7o regulat\u00f3rio.<\/p>\n<p>As \u00e1reas espec\u00edficas da coopera\u00e7\u00e3o podem incluir temas como: estrat\u00e9gias para a transi\u00e7\u00e3o energ\u00e9tica; metodologias para tarifar o g\u00e1s natural; regula\u00e7\u00e3o de armazenamento de g\u00e1s; biometano; hidrog\u00eanio; infraestruturas de transporte de CO2 (como parte do desenvolvimento de tecnologias de captura e armazenamento de carbono \u2013 CCS); o futuro das estruturas de g\u00e1s e acesso de terceiros a elas; e integra\u00e7\u00e3o dos mercados internos de g\u00e1s.<\/p>\n<p>A carta de inten\u00e7\u00f5es \u00e9 o ponto de partida para a coopera\u00e7\u00e3o entre os reguladores, com o objetivo de fazer frente aos desafios e oportunidades relacionados \u00e0 transi\u00e7\u00e3o energ\u00e9tica. Ser\u00e1 avaliada ainda a celebra\u00e7\u00e3o de um MoU (Memorando de Entendimentos) entre os \u00f3rg\u00e3os para permitir maior troca de experi\u00eancias e informa\u00e7\u00f5es.<\/p>\n<p>Fonte: Portos e Navios<\/p>\n","protected":false},"excerpt":{"rendered":"<p>AANP assinou em 26 de mar\u00e7o uma carta de inten\u00e7\u00f5es voltada para medidas relacionadas \u00e0 transi\u00e7\u00e3o energ\u00e9tica, com a Comission de R\u00e9gulation de l\u2019Energie (CRE),&#8230;<\/p>\n","protected":false},"author":1527,"featured_media":50605,"comment_status":"closed","ping_status":"closed","sticky":false,"template":"","format":"standard","meta":{"footnotes":""},"categories":[6],"tags":[],"class_list":["post-50604","post","type-post","status-publish","format-standard","has-post-thumbnail","hentry","category-noticias"],"_links":{"self":[{"href":"https:\/\/www.sincomam.org.br\/index.php\/wp-json\/wp\/v2\/posts\/50604","targetHints":{"allow":["GET"]}}],"collection":[{"href":"https:\/\/www.sincomam.org.br\/index.php\/wp-json\/wp\/v2\/posts"}],"about":[{"href":"https:\/\/www.sincomam.org.br\/index.php\/wp-json\/wp\/v2\/types\/post"}],"author":[{"embeddable":true,"href":"https:\/\/www.sincomam.org.br\/index.php\/wp-json\/wp\/v2\/users\/1527"}],"replies":[{"embeddable":true,"href":"https:\/\/www.sincomam.org.br\/index.php\/wp-json\/wp\/v2\/comments?post=50604"}],"version-history":[{"count":1,"href":"https:\/\/www.sincomam.org.br\/index.php\/wp-json\/wp\/v2\/posts\/50604\/revisions"}],"predecessor-version":[{"id":50606,"href":"https:\/\/www.sincomam.org.br\/index.php\/wp-json\/wp\/v2\/posts\/50604\/revisions\/50606"}],"wp:featuredmedia":[{"embeddable":true,"href":"https:\/\/www.sincomam.org.br\/index.php\/wp-json\/wp\/v2\/media\/50605"}],"wp:attachment":[{"href":"https:\/\/www.sincomam.org.br\/index.php\/wp-json\/wp\/v2\/media?parent=50604"}],"wp:term":[{"taxonomy":"category","embeddable":true,"href":"https:\/\/www.sincomam.org.br\/index.php\/wp-json\/wp\/v2\/categories?post=50604"},{"taxonomy":"post_tag","embeddable":true,"href":"https:\/\/www.sincomam.org.br\/index.php\/wp-json\/wp\/v2\/tags?post=50604"}],"curies":[{"name":"wp","href":"https:\/\/api.w.org\/{rel}","templated":true}]}}