{"id":50601,"date":"2024-04-01T10:20:58","date_gmt":"2024-04-01T13:20:58","guid":{"rendered":"http:\/\/www.sincomam.org.br\/?p=50601"},"modified":"2024-04-01T10:20:58","modified_gmt":"2024-04-01T13:20:58","slug":"navegistic-navalshore-amazonia-tera-quase-100-expositores","status":"publish","type":"post","link":"https:\/\/www.sincomam.org.br\/index.php\/navegistic-navalshore-amazonia-tera-quase-100-expositores\/","title":{"rendered":"Navegistic Navalshore Amaz\u00f4nia ter\u00e1 quase 100 expositores"},"content":{"rendered":"<p>Manaus receber\u00e1, de 10 a 12 de abril, a primeira edi\u00e7\u00e3o da Navegistic Navalshore Amaz\u00f4nia. A feira, consolida\u00e7\u00e3o da Navalshore Amaz\u00f4nia e da Navegistic Manaus, realizadas separadamente no ano passado, ganhou musculatura e ocupar\u00e1 dois pavilh\u00f5es no Centro de Conven\u00e7\u00f5es da Amaz\u00f4nia Vasco Vasques.<\/p>\n<p>Durantes os tr\u00eas dias da feira, quase 100 empresas e institui\u00e7\u00f5es estar\u00e3o em exibi\u00e7\u00e3o, mostrando produtos e servi\u00e7os de mais de 300 marcas de fabricantes nacionais e internacionais. Estar\u00e3o representados todos os segmentos que comp\u00f5em a ind\u00fastria fluvial: fornecedores de produtos e servi\u00e7os para constru\u00e7\u00e3o e opera\u00e7\u00e3o de embarca\u00e7\u00f5es, como fabricantes de motores e estaleiros. O evento ter\u00e1 tamb\u00e9m a participa\u00e7\u00e3o, seja como expositores ou visitantes empresas de navega\u00e7\u00e3o e terminiais portu\u00e1rios fluviais. O p\u00fablico \u00e9 estimado em 7 mil pessoas.<\/p>\n<p>A confer\u00eancia que acontece paralelamente \u00e0 feira ter\u00e1 tr\u00eas pain\u00e9is, sobre os temas &#8220;Seguran\u00e7a na navega\u00e7\u00e3o fluvial na regi\u00e3o Norte&#8221;, &#8220;Navega\u00e7\u00e3o interior &#8211; estrat\u00e9gias para navegabilidade durante a seca&#8221; e &#8220;Ind\u00fastria naval fluvial &#8211; cen\u00e1rio e perspectivas&#8221;.<\/p>\n<p>Est\u00e3o confirmadas as participa\u00e7\u00f5es do Presidente do Sindicato da Ind\u00fastria da Constru\u00e7\u00e3o Naval, N\u00e1utica, Offshore e Reparos do Amazonas ( SINDNAVAL), Irani Bertolini; do Diretor-Executivo da Associa\u00e7\u00e3o Brasileira de Armadores de Cabotagem (ABAC), Luis Fernando Resano; do Diretor da Ag\u00eancia Nacional de Transportes Aquavi\u00e1rios (ANTAQ), Wilson Pereira de Lima Filho; do Presidente da Associa\u00e7\u00e3o Brasileira para o Desenvolvimento da Navega\u00e7\u00e3o Interior (ABANI), Dod\u00f3 Carvalho; do Diretor de Infraestrutura Aquavi\u00e1ria do Departamento Nacional de Infraestrutura de Transportes (DNIT), Erick Moura de Medeiros; do Diretor de Transporte Mar\u00edtimo, Dutos e Terminais &#8211; Transpetro, Jones Soares; e do Professor Adjunto da Universidade Federal Fluminense &#8211; Escola de Engenharia Industrial Metal\u00fargica, Newton Narciso Pereira.<\/p>\n<p>SERVI\u00c7O<\/p>\n<p>Navegistic Navalshore Amaz\u00f4nia 2024<br \/>\nOrganiza\u00e7\u00e3o: NN Eventos Ltda.<br \/>\nOnde: Centro de Conven\u00e7\u00f5es da Amaz\u00f4nia Vasco Vasques<br \/>\nQuando: 10 a 12 de abril de 2024<br \/>\nHor\u00e1rio: 14h \u00e0s 21h<br \/>\nWebsite:\u00a0<a class=\"moz-txt-link-freetext\" href=\"https:\/\/navegisticnavalshore.com.br\/\">https:\/\/navegisticnavalshore.com.br<\/a><br \/>\nCredenciamento (gratuito):\u00a0<a class=\"moz-txt-link-freetext\" href=\"https:\/\/www.navegisticnavalshore.com.br\/pt\/credenciamento\">https:\/\/www.navegisticnavalshore.com.br\/pt\/credenciamento<\/a><\/p>\n<p>Fonte: Portos e Navios<\/p>\n","protected":false},"excerpt":{"rendered":"<p>Manaus receber\u00e1, de 10 a 12 de abril, a primeira edi\u00e7\u00e3o da Navegistic Navalshore Amaz\u00f4nia. A feira, consolida\u00e7\u00e3o da Navalshore Amaz\u00f4nia e da Navegistic Manaus,&#8230;<\/p>\n","protected":false},"author":1527,"featured_media":50602,"comment_status":"closed","ping_status":"closed","sticky":false,"template":"","format":"standard","meta":{"footnotes":""},"categories":[6],"tags":[],"class_list":["post-50601","post","type-post","status-publish","format-standard","has-post-thumbnail","hentry","category-noticias"],"_links":{"self":[{"href":"https:\/\/www.sincomam.org.br\/index.php\/wp-json\/wp\/v2\/posts\/50601","targetHints":{"allow":["GET"]}}],"collection":[{"href":"https:\/\/www.sincomam.org.br\/index.php\/wp-json\/wp\/v2\/posts"}],"about":[{"href":"https:\/\/www.sincomam.org.br\/index.php\/wp-json\/wp\/v2\/types\/post"}],"author":[{"embeddable":true,"href":"https:\/\/www.sincomam.org.br\/index.php\/wp-json\/wp\/v2\/users\/1527"}],"replies":[{"embeddable":true,"href":"https:\/\/www.sincomam.org.br\/index.php\/wp-json\/wp\/v2\/comments?post=50601"}],"version-history":[{"count":1,"href":"https:\/\/www.sincomam.org.br\/index.php\/wp-json\/wp\/v2\/posts\/50601\/revisions"}],"predecessor-version":[{"id":50603,"href":"https:\/\/www.sincomam.org.br\/index.php\/wp-json\/wp\/v2\/posts\/50601\/revisions\/50603"}],"wp:featuredmedia":[{"embeddable":true,"href":"https:\/\/www.sincomam.org.br\/index.php\/wp-json\/wp\/v2\/media\/50602"}],"wp:attachment":[{"href":"https:\/\/www.sincomam.org.br\/index.php\/wp-json\/wp\/v2\/media?parent=50601"}],"wp:term":[{"taxonomy":"category","embeddable":true,"href":"https:\/\/www.sincomam.org.br\/index.php\/wp-json\/wp\/v2\/categories?post=50601"},{"taxonomy":"post_tag","embeddable":true,"href":"https:\/\/www.sincomam.org.br\/index.php\/wp-json\/wp\/v2\/tags?post=50601"}],"curies":[{"name":"wp","href":"https:\/\/api.w.org\/{rel}","templated":true}]}}