{"id":50587,"date":"2024-03-28T10:33:23","date_gmt":"2024-03-28T13:33:23","guid":{"rendered":"http:\/\/www.sincomam.org.br\/?p=50587"},"modified":"2024-03-28T10:33:23","modified_gmt":"2024-03-28T13:33:23","slug":"marinha-lanca-submarino-tonelero-ao-mar-em-itaguai-rj","status":"publish","type":"post","link":"https:\/\/www.sincomam.org.br\/index.php\/marinha-lanca-submarino-tonelero-ao-mar-em-itaguai-rj\/","title":{"rendered":"Marinha lan\u00e7a Submarino \u201cTonelero\u201d ao mar, em Itagua\u00ed (RJ)"},"content":{"rendered":"<p class=\"rtejustify\">A Marinha do Brasil (MB) realizou, hoje (27), o batismo e o lan\u00e7amento ao mar do Submarino \u201cTonelero\u201d, no Complexo Naval de Itagua\u00ed (RJ). O evento marcou a prontifica\u00e7\u00e3o do processo construtivo do terceiro Submarino Convencional com Propuls\u00e3o Diesel-El\u00e9trica (S-BR), constru\u00eddo totalmente no Brasil, no escopo do Programa de Desenvolvimento de Submarinos (PROSUB), que \u00e9 resultado de uma parceria estrat\u00e9gica firmada, em 2008, entre o Brasil e a Fran\u00e7a, que prev\u00ea a transfer\u00eancia de tecnologia na \u00e1rea militar-naval.<\/p>\n<p class=\"rtejustify\">A cerim\u00f4nia contou com a participa\u00e7\u00e3o do Presidente da Rep\u00fablica do Brasil, Luiz In\u00e1cio Lula da Silva, acompanhado do Presidente da Fran\u00e7a, Emmanuel Jean-Michel Fr\u00e9d\u00e9ric Macron, do Ministro da Defesa, Jos\u00e9 Mucio Monteiro, do Comandante da Marinha, Almirante de Esquadra Marcos Sampaio Olsen, e demais representantes do Almirantado. Tamb\u00e9m marcaram presen\u00e7a Ministros de Estado e outras autoridades, bem como membros da ind\u00fastria de defesa e da comunidade cient\u00edfica e tecnol\u00f3gica.<\/p>\n<p class=\"rtejustify\">Em seu discurso, o Presidente Lula deu destaque aos 200 anos de rela\u00e7\u00f5es diplom\u00e1ticas entre Brasil e Fran\u00e7a, a serem comemorados em 2025, e afirmou que partiu, junto ao Presidente Emmanuel Macron, do cora\u00e7\u00e3o da Amaz\u00f4nia Verde, em Bel\u00e9m (PA), rumo a outra Amaz\u00f4nia: a Amaz\u00f4nia Azul. \u201cNeste estaleiro, vislumbramos a vastid\u00e3o dos 5,7 milh\u00f5es de km\u00b2 do espa\u00e7o mar\u00edtimo brasileiro, onde 95% do com\u00e9rcio exterior transita pelo Atl\u00e2ntico Sul, e onde existem recursos naturais e rica biodiversidade ainda inexplorados. Da Amaz\u00f4nia Azul, retiramos 75% do g\u00e1s natural e 45% do pescado produzido no nosso pa\u00eds, e a prote\u00e7\u00e3o desse patrim\u00f4nio natural e a manuten\u00e7\u00e3o do Atl\u00e2ntico Sul como zona de paz e coopera\u00e7\u00e3o s\u00e3o vertentes centrais da pol\u00edtica externa brasileira. Ao longo dos \u00faltimos 150 anos, esses objetivos nacionais se tornaram realidade com apoio franc\u00eas\u201d, celebrou.<\/p>\n<p class=\"rtejustify\">O Presidente Lula afirmou, ainda, que v\u00e1rios navios da MB foram constru\u00eddos na Fran\u00e7a, como o Encoura\u00e7ado \u201cBrasil\u201d, recebido em 1865, e o Navio Aer\u00f3dromo \u201cS\u00e3o Paulo\u201d, que esteve em servi\u00e7o entre 2000 e 2014. \u201cHoje, com o complexo instalado aqui na Ba\u00eda de Sepetiba, o Brasil se posiciona dentro do pequeno grupo de pa\u00edses que domina a constru\u00e7\u00e3o de submarinos. O PROSUB \u00e9 o maior e mais importante projeto de coopera\u00e7\u00e3o internacional em assunto de defesa do Brasil, porque garante a soberania no nosso litoral, fortalece a ind\u00fastria naval, com gera\u00e7\u00e3o emprego e renda, e promove o desenvolvimento do setor com muita inova\u00e7\u00e3o\u201d, completou o Presidente.<\/p>\n<p class=\"rtejustify\">J\u00e1 o Presidente franc\u00eas Emmanuel Macron destacou o car\u00e1ter hist\u00f3rico da conquista, ao afirmar que o Pa\u00eds batizou o Submarino com o nome de uma grande vit\u00f3ria que est\u00e1 gravada na mem\u00f3ria brasileira. \u201cMais uma vez, Tonelero ser\u00e1 sin\u00f4nimo de uma vit\u00f3ria brasileira, mas pac\u00edfica, industrial, tecnol\u00f3gica. Incontestavelmente uma vit\u00f3ria\u201d, reiterou o Presidente franc\u00eas.<\/p>\n<p><a href=\"https:\/\/www.sincomam.org.br\/wp-content\/uploads\/2024\/03\/sub_tonelero_foto_7.png\"><img fetchpriority=\"high\" decoding=\"async\" class=\"alignleft size-medium wp-image-50589\" src=\"https:\/\/www.sincomam.org.br\/wp-content\/uploads\/2024\/03\/sub_tonelero_foto_7-300x179.png\" alt=\"\" width=\"300\" height=\"179\" srcset=\"https:\/\/www.sincomam.org.br\/wp-content\/uploads\/2024\/03\/sub_tonelero_foto_7-300x179.png 300w, https:\/\/www.sincomam.org.br\/wp-content\/uploads\/2024\/03\/sub_tonelero_foto_7-1024x613.png 1024w, https:\/\/www.sincomam.org.br\/wp-content\/uploads\/2024\/03\/sub_tonelero_foto_7-768x459.png 768w, https:\/\/www.sincomam.org.br\/wp-content\/uploads\/2024\/03\/sub_tonelero_foto_7.png 1170w\" sizes=\"(max-width: 300px) 100vw, 300px\" \/><\/a><\/p>\n<p class=\"rtejustify\">Para ele, esta \u00e9 uma ambi\u00e7\u00e3o que, em 2008, podia parecer desmedida, mas que surpreendeu com os resultados. \u201cVoc\u00eas tinham raz\u00e3o de acreditar e n\u00f3s tivemos raz\u00e3o de apoiar voc\u00eas. Este terceiro submarino \u00e9 testemunha concreta daquilo que nossos pa\u00edses s\u00e3o capazes de realizar juntos, uma verdadeira parceria estrat\u00e9gica. Jamais compartilhamos tanto nosso know-how do que com o Brasil, e os impactos positivos deste estaleiro, em termos de empregos gerados, voca\u00e7\u00f5es suscitadas e universidades associadas v\u00e3o al\u00e9m do que se pretendia: v\u00e3o permitir multiplicar por dez seu alcance na superf\u00edcie, muito al\u00e9m das profundezas submarinas&#8221;, garantiu.<\/p>\n<p class=\"rtejustify\">O Ministro da Defesa Jos\u00e9 Mucio afirmou que o vigoroso avan\u00e7o nos projetos que constam do PROSUB s\u00e3o \u201cresultado do profissionalismo e seriedade com que a MB, as empresas e as universidades se posicionaram desde o in\u00edcio da jornada. O Ministro disse ainda que o lan\u00e7amento ao mar do Submarino Tonelero \u00e9 uma entrega do Estado \u00e0 sociedade brasileira, afirmando que este segmento da ind\u00fastria nacional \u00e9 respons\u00e1vel por aproximadamente 2,9 milh\u00f5es de postos de trabalhos formais, al\u00e9m de responder por 4,78% do nosso Produto Interno Bruto. \u201cEm 2023, as exporta\u00e7\u00f5es autorizadas relativas \u00e0 ind\u00fastria da Defesa foram 127% maiores do que em 2022, atingindo o segundo melhor desempenho desde o in\u00edcio deste acompanhamento, em 2001. Ficando patente, de forma incontest\u00e1vel, o qu\u00e3o promissor \u00e9 esse segmento\u201d, concluiu.<\/p>\n<p class=\"rtejustify\">O Comandante da Marinha, Almirante Olsen, defendeu maiores investimentos n\u00e3o s\u00f3 na flotilha nacional, mas na ind\u00fastria de Defesa como um todo, j\u00e1 que, segundo ele, existe uma \u201cainda acanhada mentalidade por parte da sociedade brasileira, associada \u00e0 baixa percep\u00e7\u00e3o de amea\u00e7as, que imp\u00f5em desafios or\u00e7ament\u00e1rios e financeiros \u00e0 execu\u00e7\u00e3o do PROSUB e ao Programa Nuclear da Marinha, com potencial de danos relevantes \u00e0 pesquisa cient\u00edfica, \u00e0 gera\u00e7\u00e3o de emprego e \u00e0 renda digna\u201d.<\/p>\n<p class=\"rtejustify\">O Almirante Olsen acrescentou que a obten\u00e7\u00e3o do Submarino Convencionalmente Armado com Propuls\u00e3o Nuclear \u00e9 o maior ativo da defesa nacional. Ele representar\u00e1 um incremento diferenciado \u00e0 capacidade brasileira de dissuas\u00e3o, fortalecendo a seguran\u00e7a e a soberania nacionais, permitindo ao Brasil alcan\u00e7ar estatura pol\u00edtico-estrat\u00e9gica compat\u00edvel com sua grandeza.<\/p>\n<p class=\"rtejustify\">&#8220;O Brasil ratifica compromissos nacionais e internacionais assumidos em rela\u00e7\u00e3o \u00e0s atividades nucleares, com estrita observ\u00e2ncia aos preceitos constitucionais e aos documentos condicionantes de alto n\u00edvel, a exemplo da Pol\u00edtica Nuclear Brasileira e da Estrat\u00e9gia Nacional de Defesa. H\u00e1 30 anos, a estrutura do Programa Nuclear da Marinha tem sido rotineiramente submetida a inspe\u00e7\u00f5es de contabilidade e controle pela Ag\u00eancia Brasileiro-Argentina de Contabilidade e Controle de Materiais Nucleares e pela Ag\u00eancia Internacional de Energia At\u00f4mica, com hist\u00f3rico de 438 inspe\u00e7\u00f5es anunciadas e 144 n\u00e3o anunciadas. Todas, com exitosos resultados, ratificam o emprego dos materiais nucleares com seguran\u00e7a em atividades pac\u00edficas\u201d, assegurou.<\/p>\n<p class=\"rtejustify\">O Presidente da Itagua\u00ed Constru\u00e7\u00f5es Navais (ICN), Renaud Poyet, lembrou que, em 14 anos de exist\u00eancia, a empresa investiu na capacita\u00e7\u00e3o t\u00e9cnica de seus integrantes, preparando e operando uma infraestrutura industrial de ponta, que permitiu avan\u00e7ar de maneira eficaz e segura para a constru\u00e7\u00e3o dos submarinos. \u201cEssa trajet\u00f3ria produziu muito mais do que modernos submarinos. Refiro-me \u00e0 gera\u00e7\u00e3o de milhares de empregos diretos e indiretos, capacita\u00e7\u00e3o profissional e desenvolvimento da economia de uma vasta regi\u00e3o do Rio de Janeiro\u201d, pontuou.<\/p>\n<p class=\"rtejustify\"><strong>PROSUB<\/strong><br \/>\nCom o fim de proteger a Amaz\u00f4nia Azul e garantir a soberania brasileira no mar, a Marinha do Brasil tem procurado investir na expans\u00e3o da For\u00e7a Naval e no desenvolvimento da ind\u00fastria de Defesa. A Estrat\u00e9gia Nacional de Defesa, lan\u00e7ada em 2008, estabeleceu que o Brasil dispusesse de uma &#8220;for\u00e7a naval de envergadura&#8221;, o que motivou a concep\u00e7\u00e3o do PROSUB com a constru\u00e7\u00e3o de quatro submarinos com propuls\u00e3o diesel-el\u00e9trica em territ\u00f3rio nacional. Al\u00e9m da moderniza\u00e7\u00e3o da For\u00e7a de Submarinos da MB, o Programa propiciar\u00e1 a capacita\u00e7\u00e3o do Pa\u00eds para a constru\u00e7\u00e3o do seu primeiro Submarino Convencionalmente Armado com Propuls\u00e3o Nuclear.<\/p>\n<p class=\"rtejustify\">Desde ent\u00e3o, al\u00e9m do \u201cTonelero\u201d, j\u00e1 foram prontificados os submarinos \u201cRiachuelo\u201d (S40) e \u201cHumait\u00e1\u201d (S41). Ainda est\u00e3o previstas a entrega de mais um submarino convencional, o \u201cAngostura\u201d (S43); e a constru\u00e7\u00e3o do Submarino Brasileiro Convencionalmente Armado com Propuls\u00e3o Nuclear, o\u00a0 \u201c\u00c1lvaro Alberto\u201d, objeto prec\u00edpuo do PROSUB, o que representar\u00e1 um incremento sem precedentes no Poder Naval brasileiro e, em decorr\u00eancia,\u00a0 na Defesa Nacional.<\/p>\n<p class=\"rtejustify\"><strong>Parceria estrat\u00e9gica entre Brasil e Fran\u00e7a<\/strong><br \/>\nO Acordo de Transfer\u00eancia de Tecnologia firmado entre a Fran\u00e7a e o Brasil permite que o Pa\u00eds alcance o n\u00edvel tecnol\u00f3gico necess\u00e1rio para dominar a constru\u00e7\u00e3o de submarinos convencionais, com a consequente contribui\u00e7\u00e3o para o desenvolvimento de um submarino com propuls\u00e3o nuclear.<\/p>\n<p class=\"rtejustify\">Esse processo envolve a transmiss\u00e3o de conhecimentos e informa\u00e7\u00f5es t\u00e9cnicas em diversas \u00e1reas, exceto na \u00e1rea nuclear. A capacita\u00e7\u00e3o e qualifica\u00e7\u00e3o de engenheiros e t\u00e9cnicos brasileiros acontece no Brasil e na Fran\u00e7a, por meio da realiza\u00e7\u00e3o de servi\u00e7os reais (On the Job Training) e a assist\u00eancia t\u00e9cnica do NAVAL GROUP (grupo industrial franc\u00eas especializado em projeto, desenvolvimento e constru\u00e7\u00e3o de meios navais) at\u00e9 o t\u00e9rmino do Programa.<\/p>\n<p class=\"rtejustify\">A transfer\u00eancia de tecnologia para constru\u00e7\u00e3o dos submarinos convencionais-S-BR ocorre desde 2010, na cidade de Cherbourg, na Fran\u00e7a, onde mais de 250 engenheiros e t\u00e9cnicos da Marinha e funcion\u00e1rios da Nuclebr\u00e1s Equipamentos Pesados e da Itagua\u00ed Constru\u00e7\u00f5es Navais j\u00e1 foram qualificados.<\/p>\n<p class=\"rtejustify\"><strong>Submarino Convencionalmente Armado com Propuls\u00e3o Nuclear<\/strong><br \/>\nNo \u00e2mbito do PROSUB, o desenvolvimento tecnol\u00f3gico e a constru\u00e7\u00e3o do primeiro Submarino Convencionalmente Armado com Propuls\u00e3o Nuclear (SCPN), objeto principal de todo o Programa, representa diferentes desafios para o Brasil. Trata-se de um meio naval que demanda alta tecnologia e congrega a complexidade inerente ao projeto de um submarino assim como os desafios de desenvolver a tecnologia nuclear para o projeto e a fabrica\u00e7\u00e3o do seu reator e de toda Planta Nuclear Embarcada (PNE).<\/p>\n<p class=\"rtejustify\">\nEm Iper\u00f3 (SP), a Marinha do Brasil constr\u00f3i o laborat\u00f3rio de gera\u00e7\u00e3o de energia nucleoel\u00e9trica, com o objetivo principal de validar, de forma segura, a opera\u00e7\u00e3o do reator de propuls\u00e3o naval e dos diversos sistemas eletromec\u00e2nicos e de controle a ele integrados.<\/p>\n<p class=\"rtejustify\">Esse laborat\u00f3rio \u00e9 um projeto de desenvolvimento \u00fanico e in\u00e9dito no Pa\u00eds, que envolve desafios, pesquisas e inova\u00e7\u00e3o realizados por brasileiros. Ao final dos testes, um reator similar ao certificado ser\u00e1 montado e instalado no Submarino \u201c\u00c1lvaro Alberto\u201d, desta vez no Complexo Naval de Itagua\u00ed. Nesse complexo tamb\u00e9m ser\u00e3o constru\u00eddas as instala\u00e7\u00f5es e os diques secos espec\u00edficos para o processo construtivo e a manuten\u00e7\u00e3o dos submarinos com propuls\u00e3o nuclear. Todo esse desenvolvimento nacional possui a capacidade de proporcionar arrastos tecnol\u00f3gicos e benef\u00edcios em diversas \u00e1reas de interesse da sociedade brasileira.<\/p>\n<p class=\"rtejustify\">No contexto do Ciclo do Combust\u00edvel Nuclear, o dom\u00ednio do enriquecimento de ur\u00e2nio, conquistado em 1988, com tecnologia 100% brasileira e que vem sendo aprimorada ao longo dos anos, contribui com a produ\u00e7\u00e3o de equipamentos para a empresa Ind\u00fastrias Nucleares do Brasil.<\/p>\n<p class=\"rtejustify\">A participa\u00e7\u00e3o das universidades, dos institutos de pesquisas e da ind\u00fastria nacional na execu\u00e7\u00e3o das atividades do PROSUB assegura a dissemina\u00e7\u00e3o no Brasil de conhecimentos essenciais ao setor nuclear. Sob o ponto de vista social, contribui para a promo\u00e7\u00e3o de benef\u00edcios na \u00e1rea de sa\u00fade, agricultura e seguran\u00e7a alimentar, com destaque tamb\u00e9m na capacita\u00e7\u00e3o de t\u00e9cnicos e engenheiros em \u00e1rea sens\u00edvel do conhecimento, como a nuclear.<\/p>\n<p class=\"rtejustify\"><strong>Benef\u00edcios para os brasileiros<\/strong><br \/>\nO PROSUB tem acumulado diversos benef\u00edcios para o Pa\u00eds desde a sua cria\u00e7\u00e3o, tais como: gera\u00e7\u00e3o de emprego e renda; forma\u00e7\u00e3o de m\u00e3o de obra especializada; arrasto tecnol\u00f3gico; nacionaliza\u00e7\u00e3o e transfer\u00eancia de tecnologia; e o desenvolvimento da Base Industrial de Defesa.<\/p>\n<p class=\"rtejustify\">Ao priorizar a aquisi\u00e7\u00e3o de produtos e sistemas nacionais em toda a cadeia de produ\u00e7\u00e3o, o PROSUB fomenta o desenvolvimento de ind\u00fastrias brasileiras na \u00e1rea de defesa, englobando setores como eletr\u00f4nica, mec\u00e2nica (fina e pesada), eletromec\u00e2nica e qu\u00edmica, al\u00e9m da \u00e1rea naval. Desta forma, colabora para o crescimento econ\u00f4mico do Pa\u00eds, bem como para a gera\u00e7\u00e3o de 22 mil empregos diretos e quase 40 mil indiretos.<\/p>\n<p class=\"rtecenter\">Fonte: Ag\u00eancia Marinha de Not\u00edcias<\/p>\n","protected":false},"excerpt":{"rendered":"<p>A Marinha do Brasil (MB) realizou, hoje (27), o batismo e o lan\u00e7amento ao mar do Submarino \u201cTonelero\u201d, no Complexo Naval de Itagua\u00ed (RJ). O&#8230;<\/p>\n","protected":false},"author":1527,"featured_media":50588,"comment_status":"closed","ping_status":"closed","sticky":false,"template":"","format":"standard","meta":{"footnotes":""},"categories":[6],"tags":[],"class_list":["post-50587","post","type-post","status-publish","format-standard","has-post-thumbnail","hentry","category-noticias"],"_links":{"self":[{"href":"https:\/\/www.sincomam.org.br\/index.php\/wp-json\/wp\/v2\/posts\/50587","targetHints":{"allow":["GET"]}}],"collection":[{"href":"https:\/\/www.sincomam.org.br\/index.php\/wp-json\/wp\/v2\/posts"}],"about":[{"href":"https:\/\/www.sincomam.org.br\/index.php\/wp-json\/wp\/v2\/types\/post"}],"author":[{"embeddable":true,"href":"https:\/\/www.sincomam.org.br\/index.php\/wp-json\/wp\/v2\/users\/1527"}],"replies":[{"embeddable":true,"href":"https:\/\/www.sincomam.org.br\/index.php\/wp-json\/wp\/v2\/comments?post=50587"}],"version-history":[{"count":1,"href":"https:\/\/www.sincomam.org.br\/index.php\/wp-json\/wp\/v2\/posts\/50587\/revisions"}],"predecessor-version":[{"id":50590,"href":"https:\/\/www.sincomam.org.br\/index.php\/wp-json\/wp\/v2\/posts\/50587\/revisions\/50590"}],"wp:featuredmedia":[{"embeddable":true,"href":"https:\/\/www.sincomam.org.br\/index.php\/wp-json\/wp\/v2\/media\/50588"}],"wp:attachment":[{"href":"https:\/\/www.sincomam.org.br\/index.php\/wp-json\/wp\/v2\/media?parent=50587"}],"wp:term":[{"taxonomy":"category","embeddable":true,"href":"https:\/\/www.sincomam.org.br\/index.php\/wp-json\/wp\/v2\/categories?post=50587"},{"taxonomy":"post_tag","embeddable":true,"href":"https:\/\/www.sincomam.org.br\/index.php\/wp-json\/wp\/v2\/tags?post=50587"}],"curies":[{"name":"wp","href":"https:\/\/api.w.org\/{rel}","templated":true}]}}