{"id":50581,"date":"2024-03-28T10:28:42","date_gmt":"2024-03-28T13:28:42","guid":{"rendered":"http:\/\/www.sincomam.org.br\/?p=50581"},"modified":"2024-03-28T10:28:42","modified_gmt":"2024-03-28T13:28:42","slug":"codeba-assina-convenio-com-unesco-para-desenvolver-programas-socioambientais","status":"publish","type":"post","link":"https:\/\/www.sincomam.org.br\/index.php\/codeba-assina-convenio-com-unesco-para-desenvolver-programas-socioambientais\/","title":{"rendered":"Codeba assina conv\u00eanio com Unesco para desenvolver programas socioambientais"},"content":{"rendered":"<p>A Organiza\u00e7\u00e3o das Na\u00e7\u00f5es Unidas para a Educa\u00e7\u00e3o, a Ci\u00eancia e a Cultura (Unesco), Ag\u00eancia Brasileira de Coopera\u00e7\u00e3o (ABC), vinculada ao Minist\u00e9rio das Rela\u00e7\u00f5es Exteriores, e a Companhia das Docas do Estado da Bahia (Codeba) assinar\u00e3o em breve um conv\u00eanio de coopera\u00e7\u00e3o t\u00e9cnica. O objetivo \u00e9 implementar uma s\u00e9rie de programas de impacto socioambiental em comunidades do entorno dos portos baianos: Salvador, Ilh\u00e9us e Aratu-Candeias.<\/p>\n<p>A proposta \u00e9 sistematizar estudos das vulnerabilidades e necessidades ambientais, sociais e do patrim\u00f4nio cultural desses portos, com focos em cada uma dessas \u00e1reas. A iniciativa ter\u00e1 foco na elabora\u00e7\u00e3o de projetos de coes\u00e3o social, abrangendo economia criativa e inova\u00e7\u00e3o tecnol\u00f3gica.<\/p>\n<p>\u201cEsse acordo \u00e9 um passo importante para tornar nossos portos sustent\u00e1veis. \u00c9 o caminho a ser percorrido para conciliar desenvolvimento econ\u00f4mico com equil\u00edbrio socioambiental. Com isso, queremos ser exemplo nos princ\u00edpios que norteiam a pauta ESG (sigla em ingl\u00eas para gest\u00e3o ambiental, social e de governan\u00e7a), em sintonia com as melhores pr\u00e1ticas internacionais de gest\u00e3o portu\u00e1ria \u201d, pontuou o presidente da Codeba, Antonio Gobbo.<\/p>\n<p>As tr\u00eas institui\u00e7\u00f5es tamb\u00e9m pretendem que o acordo desenvolva projetos vinculados \u00e0 cultura oce\u00e2nica. Ainda nesse contexto, v\u00e3o subsidiar a elabora\u00e7\u00e3o de programas de regenera\u00e7\u00e3o do patrim\u00f4nio natural marinho, indicando diretrizes para a conserva\u00e7\u00e3o do ecossistema. A proposta inclui, ainda, projeto para cria\u00e7\u00e3o de programa de preserva\u00e7\u00e3o dos cet\u00e1ceos e a elabora\u00e7\u00e3o de um Planejamento Espacial Marinho (PEM).<\/p>\n<p>A partir das propostas encaminhadas pela parceria, as institui\u00e7\u00f5es esperam contribuir para o desenvolvimento econ\u00f4mico das regi\u00f5es, onde est\u00e3o localizadas comunidades socialmente vulner\u00e1veis.<\/p>\n<p>Fonte: Portos e Navios<\/p>\n","protected":false},"excerpt":{"rendered":"<p>A Organiza\u00e7\u00e3o das Na\u00e7\u00f5es Unidas para a Educa\u00e7\u00e3o, a Ci\u00eancia e a Cultura (Unesco), Ag\u00eancia Brasileira de Coopera\u00e7\u00e3o (ABC), vinculada ao Minist\u00e9rio das Rela\u00e7\u00f5es Exteriores,&#8230;<\/p>\n","protected":false},"author":1527,"featured_media":50582,"comment_status":"closed","ping_status":"closed","sticky":false,"template":"","format":"standard","meta":{"footnotes":""},"categories":[6],"tags":[],"class_list":["post-50581","post","type-post","status-publish","format-standard","has-post-thumbnail","hentry","category-noticias"],"_links":{"self":[{"href":"https:\/\/www.sincomam.org.br\/index.php\/wp-json\/wp\/v2\/posts\/50581","targetHints":{"allow":["GET"]}}],"collection":[{"href":"https:\/\/www.sincomam.org.br\/index.php\/wp-json\/wp\/v2\/posts"}],"about":[{"href":"https:\/\/www.sincomam.org.br\/index.php\/wp-json\/wp\/v2\/types\/post"}],"author":[{"embeddable":true,"href":"https:\/\/www.sincomam.org.br\/index.php\/wp-json\/wp\/v2\/users\/1527"}],"replies":[{"embeddable":true,"href":"https:\/\/www.sincomam.org.br\/index.php\/wp-json\/wp\/v2\/comments?post=50581"}],"version-history":[{"count":1,"href":"https:\/\/www.sincomam.org.br\/index.php\/wp-json\/wp\/v2\/posts\/50581\/revisions"}],"predecessor-version":[{"id":50583,"href":"https:\/\/www.sincomam.org.br\/index.php\/wp-json\/wp\/v2\/posts\/50581\/revisions\/50583"}],"wp:featuredmedia":[{"embeddable":true,"href":"https:\/\/www.sincomam.org.br\/index.php\/wp-json\/wp\/v2\/media\/50582"}],"wp:attachment":[{"href":"https:\/\/www.sincomam.org.br\/index.php\/wp-json\/wp\/v2\/media?parent=50581"}],"wp:term":[{"taxonomy":"category","embeddable":true,"href":"https:\/\/www.sincomam.org.br\/index.php\/wp-json\/wp\/v2\/categories?post=50581"},{"taxonomy":"post_tag","embeddable":true,"href":"https:\/\/www.sincomam.org.br\/index.php\/wp-json\/wp\/v2\/tags?post=50581"}],"curies":[{"name":"wp","href":"https:\/\/api.w.org\/{rel}","templated":true}]}}