{"id":50525,"date":"2024-03-25T07:39:02","date_gmt":"2024-03-25T10:39:02","guid":{"rendered":"http:\/\/www.sincomam.org.br\/?p=50525"},"modified":"2024-03-25T07:39:02","modified_gmt":"2024-03-25T10:39:02","slug":"mudancas-climaticas-tornam-eventos-extremos-mais-frequentes","status":"publish","type":"post","link":"https:\/\/www.sincomam.org.br\/index.php\/mudancas-climaticas-tornam-eventos-extremos-mais-frequentes\/","title":{"rendered":"Mudan\u00e7as clim\u00e1ticas tornam eventos extremos mais frequentes"},"content":{"rendered":"<p>O coordenador geral de Opera\u00e7\u00f5es e Modelagem do Centro Nacional de Monitoramento e Alertas de Desastres Naturais (Cemaden), Marcelo Seluchi, alerta que as mudan\u00e7as clim\u00e1ticas est\u00e3o tornando eventos extremos mais frequentes, a exemplo das chuvas intensas previstas para o estado do Rio de Janeiro nesta sexta-feira (22) e no s\u00e1bado (23).<img decoding=\"async\" src=\"https:\/\/agenciabrasil.ebc.com.br\/ebc.png?id=1586888&amp;o=node\" \/><img decoding=\"async\" src=\"https:\/\/agenciabrasil.ebc.com.br\/ebc.gif?id=1586888&amp;o=node\" \/><\/p>\n<p>\u201cOs eventos extremos n\u00e3o podem ser atribu\u00eddos, cada um individualmente, \u00e0s mudan\u00e7as clim\u00e1ticas, mas o que pode ser atribu\u00eddo \u00e0s mudan\u00e7as clim\u00e1ticas \u00e9 o aumento da frequ\u00eancia deles. Se as previs\u00f5es estiverem corretas, pode ser um evento extremo. Nos \u00faltimos anos, esses eventos est\u00e3o se tornando mais frequentes. As mudan\u00e7as clim\u00e1ticas influenciam de alguma forma tanto na intensidade quanto na frequ\u00eancia de ocorr\u00eancias\u201d, disse Seluchi.<\/p>\n<p>Outro ponto abordado por Seluchi \u00e9 que o Oceano Atl\u00e2ntico est\u00e1 consideravelmente mais quente que o normal. \u201cQuando uma \u00e1rea oce\u00e2nica t\u00e3o extensa est\u00e1 mais quente do que o normal, isso responde a um aquecimento generalizado e pode ter a ver com mudan\u00e7as clim\u00e1ticas, que aumentam a temperatura da atmosfera e dos oceanos.\u201d<\/p>\n<p>Segundo o pesquisador, um oceano mais quente evapora mais umidade, e \u00e9 prov\u00e1vel que o volume de chuva que est\u00e1 sendo previsto tenha influ\u00eancia da temperatura do oceano. \u201cA chuva provavelmente seria menor se o oceano estivesse normal ou mais frio que o normal.\u201d<\/p>\n<p>O meteorologista e professor da Universidade Federal do Rio de Janeiro (UFRJ) Wanderson Luiz Silva lembra que o aumento da temperatura global fomenta mais vapor d\u2019\u00e1gua para a atmosfera.<\/p>\n<p>\u201cE o desequil\u00edbrio do balan\u00e7o de energia afeta o ciclo hidrol\u00f3gico, fazendo com que algumas regi\u00f5es tenham extremos de chuva e outras tenham extremos de seca, ou uma mesma regi\u00e3o tenha os dois.\u201d<\/p>\n<p>O pesquisador destaca que as mudan\u00e7as clim\u00e1ticas podem influenciar as chuvas intensas. \u201cMas n\u00e3o podemos dizer se especificamente esta [chuva prevista para o Rio] est\u00e1 relacionada ou n\u00e3o \u00e0s mudan\u00e7as. Mudan\u00e7as clim\u00e1ticas s\u00e3o an\u00e1lises estat\u00edsticas de longo prazo.\u201d<\/p>\n<p>&nbsp;<\/p>\n<p>Fonte: Ag\u00eancia Brasil<\/p>\n","protected":false},"excerpt":{"rendered":"<p>O coordenador geral de Opera\u00e7\u00f5es e Modelagem do Centro Nacional de Monitoramento e Alertas de Desastres Naturais (Cemaden), Marcelo Seluchi, alerta que as mudan\u00e7as clim\u00e1ticas&#8230;<\/p>\n","protected":false},"author":1527,"featured_media":50526,"comment_status":"closed","ping_status":"closed","sticky":false,"template":"","format":"standard","meta":{"footnotes":""},"categories":[6],"tags":[],"class_list":["post-50525","post","type-post","status-publish","format-standard","has-post-thumbnail","hentry","category-noticias"],"_links":{"self":[{"href":"https:\/\/www.sincomam.org.br\/index.php\/wp-json\/wp\/v2\/posts\/50525","targetHints":{"allow":["GET"]}}],"collection":[{"href":"https:\/\/www.sincomam.org.br\/index.php\/wp-json\/wp\/v2\/posts"}],"about":[{"href":"https:\/\/www.sincomam.org.br\/index.php\/wp-json\/wp\/v2\/types\/post"}],"author":[{"embeddable":true,"href":"https:\/\/www.sincomam.org.br\/index.php\/wp-json\/wp\/v2\/users\/1527"}],"replies":[{"embeddable":true,"href":"https:\/\/www.sincomam.org.br\/index.php\/wp-json\/wp\/v2\/comments?post=50525"}],"version-history":[{"count":1,"href":"https:\/\/www.sincomam.org.br\/index.php\/wp-json\/wp\/v2\/posts\/50525\/revisions"}],"predecessor-version":[{"id":50527,"href":"https:\/\/www.sincomam.org.br\/index.php\/wp-json\/wp\/v2\/posts\/50525\/revisions\/50527"}],"wp:featuredmedia":[{"embeddable":true,"href":"https:\/\/www.sincomam.org.br\/index.php\/wp-json\/wp\/v2\/media\/50526"}],"wp:attachment":[{"href":"https:\/\/www.sincomam.org.br\/index.php\/wp-json\/wp\/v2\/media?parent=50525"}],"wp:term":[{"taxonomy":"category","embeddable":true,"href":"https:\/\/www.sincomam.org.br\/index.php\/wp-json\/wp\/v2\/categories?post=50525"},{"taxonomy":"post_tag","embeddable":true,"href":"https:\/\/www.sincomam.org.br\/index.php\/wp-json\/wp\/v2\/tags?post=50525"}],"curies":[{"name":"wp","href":"https:\/\/api.w.org\/{rel}","templated":true}]}}