{"id":50521,"date":"2024-03-25T07:38:09","date_gmt":"2024-03-25T10:38:09","guid":{"rendered":"http:\/\/www.sincomam.org.br\/?p=50521"},"modified":"2024-03-25T07:38:09","modified_gmt":"2024-03-25T10:38:09","slug":"saiba-quem-sao-os-suspeitos-de-mandar-executar-marielle-franco","status":"publish","type":"post","link":"https:\/\/www.sincomam.org.br\/index.php\/saiba-quem-sao-os-suspeitos-de-mandar-executar-marielle-franco\/","title":{"rendered":"Saiba quem s\u00e3o os suspeitos de mandar executar Marielle Franco"},"content":{"rendered":"<p>Os irm\u00e3os Domingos Braz\u00e3o\u00a0e Chiquinho Braz\u00e3o, al\u00e9m do delegado Rivaldo Barbosa, foram presos neste domingo (24) apontados como mandantes do atentado contra Marielle Franco, que vitimou tamb\u00e9m o motorista Anderson Gomes. O crime ocorreu em mar\u00e7o de 2018. Os tr\u00eas foram presos no Rio de Janeiro, de forma preventiva, na Opera\u00e7\u00e3o Murder, Inc., deflagrada pela Procuradoria-Geral da Rep\u00fablica (PGR), Minist\u00e9rio P\u00fablico do Rio de Janeiro (MPRJ) e Pol\u00edcia Federal (PF).<img decoding=\"async\" src=\"https:\/\/agenciabrasil.ebc.com.br\/ebc.png?id=1587195&amp;o=node\" \/><img decoding=\"async\" src=\"https:\/\/agenciabrasil.ebc.com.br\/ebc.gif?id=1587195&amp;o=node\" \/><\/p>\n<p>Os nomes dos tr\u00eas presos na opera\u00e7\u00e3o constam da dela\u00e7\u00e3o de Ronnie Lessa, executor do crime em que Marielle perdeu a vida. De acordo com Lessa, os tr\u00eas detidos teriam sido os mandantes do crime. A a\u00e7\u00e3o foi autorizada pelo ministro Alexandre de Moraes, do Supremo Tribunal Federal (STF).<\/p>\n<p>A fam\u00edlia Braz\u00e3o pertence a um importante grupo pol\u00edtico do estado do Rio de Janeiro. Ex-deputado na Assembleia Legislativa do Rio de Janeiro (Alerj), Domingos \u00e9 conselheiro do Tribunal de Contas do Estado (TCE-RJ), cargo do qual ficou afastado depois de ser preso, em 2017, na Opera\u00e7\u00e3o Quinto do Ouro, acusado de receber propina de empres\u00e1rios. Essa pris\u00e3o se deu no \u00e2mbito de desdobramento da Lava Jato no estado.<\/p>\n<p>O irm\u00e3o de Domingos, Chiquinho Braz\u00e3o, \u00e9 deputado federal pelo Uni\u00e3o Brasil, al\u00e9m de foi empres\u00e1rio e comerciante. Nas elei\u00e7\u00f5es de 2018, foi candidato a deputado federal pelo Avante e elegeu-se com 25.817 votos. J\u00e1 o delegado Rivaldo Barbosa era chefe da Pol\u00edcia Civil \u00e0 \u00e9poca do atentado contra Marielle Franco. Atualmente, desempenha a fun\u00e7\u00e3o de coordenador de Comunica\u00e7\u00f5es e Opera\u00e7\u00f5es Policiais da institui\u00e7\u00e3o. Os tr\u00eas j\u00e1 foram levados para a Superintend\u00eancia da Pol\u00edcia Federal, no Rio de Janeiro.<\/p>\n<div class=\"dnd-widget-wrapper context-grande_6colunas type-image atom-align-left\">\n<div class=\"dnd-atom-rendered\">\n<div class=\"shadow overflow-hidden rounded-lg d-block w-100\"><img decoding=\"async\" class=\"flex-fill img-cover\" title=\"\" src=\"https:\/\/imagens.ebc.com.br\/4aKN7aLj8bsqznamKBHhfdkifzI=\/463x0\/smart\/https:\/\/agenciabrasil.ebc.com.br\/sites\/default\/files\/thumbnails\/image\/2024\/03\/24\/204476.jpg?itok=B2DWAWAK\" alt=\"Bras\u00edlia- DF 24-03-2024. Chiquinho  Braz\u00e3o deputado Federal. Foto C\u00e2mara dos Deputados.\" \/><\/div>\n<\/div>\n<div class=\"dnd-caption-wrapper\">\n<div class=\"meta\">Bras\u00edlia- DF 24-03-2024. Chiquinho Braz\u00e3o deputado Federal. Foto Lula Marques<\/div>\n<\/div>\n<\/div>\n<p>A opera\u00e7\u00e3o de hoje engloba ainda 12 mandados de busca e apreens\u00e3o na sede da Pol\u00edcia Civil do Rio e no Tribunal de Contas do Estado. Documentos, al\u00e9m de celulares e computadores dos presos, foram levados para a sede da PFRJ. As investiga\u00e7\u00f5es apontam que a morte de Marielle est\u00e1 relacionada \u00e0 expans\u00e3o da mil\u00edcia no Rio de Janeiro.<\/p>\n<p>Domingos Braz\u00e3o disse, em entrevista ao UOL em janeiro deste ano, que n\u00e3o conhecia e n\u00e3o lembrava da vereadora Marielle Franco.<\/p>\n<p>J\u00e1 Chiquinho Braz\u00e3o havia divulgado nota no dia 20 de mar\u00e7o, depois que a acusa\u00e7\u00e3o de ser o mandante vazou na imprensa. A nota diz que ele estava \u201csurpreendido pelas especula\u00e7\u00f5es\u201d e afirmou que o conv\u00edvio com Marielle sempre foi \u201camistoso e cordial\u201d.<\/p>\n<p>&nbsp;<\/p>\n<p>Fonte: Ag\u00eancia Brasil<\/p>\n","protected":false},"excerpt":{"rendered":"<p>Os irm\u00e3os Domingos Braz\u00e3o\u00a0e Chiquinho Braz\u00e3o, al\u00e9m do delegado Rivaldo Barbosa, foram presos neste domingo (24) apontados como mandantes do atentado contra Marielle Franco, que&#8230;<\/p>\n","protected":false},"author":1527,"featured_media":50523,"comment_status":"closed","ping_status":"closed","sticky":false,"template":"","format":"standard","meta":{"footnotes":""},"categories":[6],"tags":[],"class_list":["post-50521","post","type-post","status-publish","format-standard","has-post-thumbnail","hentry","category-noticias"],"_links":{"self":[{"href":"https:\/\/www.sincomam.org.br\/index.php\/wp-json\/wp\/v2\/posts\/50521","targetHints":{"allow":["GET"]}}],"collection":[{"href":"https:\/\/www.sincomam.org.br\/index.php\/wp-json\/wp\/v2\/posts"}],"about":[{"href":"https:\/\/www.sincomam.org.br\/index.php\/wp-json\/wp\/v2\/types\/post"}],"author":[{"embeddable":true,"href":"https:\/\/www.sincomam.org.br\/index.php\/wp-json\/wp\/v2\/users\/1527"}],"replies":[{"embeddable":true,"href":"https:\/\/www.sincomam.org.br\/index.php\/wp-json\/wp\/v2\/comments?post=50521"}],"version-history":[{"count":1,"href":"https:\/\/www.sincomam.org.br\/index.php\/wp-json\/wp\/v2\/posts\/50521\/revisions"}],"predecessor-version":[{"id":50524,"href":"https:\/\/www.sincomam.org.br\/index.php\/wp-json\/wp\/v2\/posts\/50521\/revisions\/50524"}],"wp:featuredmedia":[{"embeddable":true,"href":"https:\/\/www.sincomam.org.br\/index.php\/wp-json\/wp\/v2\/media\/50523"}],"wp:attachment":[{"href":"https:\/\/www.sincomam.org.br\/index.php\/wp-json\/wp\/v2\/media?parent=50521"}],"wp:term":[{"taxonomy":"category","embeddable":true,"href":"https:\/\/www.sincomam.org.br\/index.php\/wp-json\/wp\/v2\/categories?post=50521"},{"taxonomy":"post_tag","embeddable":true,"href":"https:\/\/www.sincomam.org.br\/index.php\/wp-json\/wp\/v2\/tags?post=50521"}],"curies":[{"name":"wp","href":"https:\/\/api.w.org\/{rel}","templated":true}]}}