{"id":50518,"date":"2024-03-25T07:04:08","date_gmt":"2024-03-25T10:04:08","guid":{"rendered":"http:\/\/www.sincomam.org.br\/?p=50518"},"modified":"2024-03-25T07:06:31","modified_gmt":"2024-03-25T10:06:31","slug":"antaq-recebe-marinha-do-brasil-para-apresentar-pgo-hidroviario","status":"publish","type":"post","link":"https:\/\/www.sincomam.org.br\/index.php\/antaq-recebe-marinha-do-brasil-para-apresentar-pgo-hidroviario\/","title":{"rendered":"Antaq recebe Marinha do Brasil para apresentar PGO hidrovi\u00e1rio"},"content":{"rendered":"<p dir=\"ltr\">A Ag\u00eancia Nacional de Transportes Aquavi\u00e1rios (ANTAQ) recebeu representantes dos distritos navais da Marinha do Brasil, nessa quarta-feira (20\/03), para apresenta\u00e7\u00e3o do Plano Geral de Outorgas Hidrovi\u00e1rio.<\/p>\n<p dir=\"ltr\">Foram apresentados detalhes dos projetos das hidrovias de Lagoa Mirim, Paraguai, do Madeira e da Barra Norte. Essa foi a primeira reuni\u00e3o de coordena\u00e7\u00e3o entre a Marinha e a ANTAQ realizada em 2024.<\/p>\n<p dir=\"ltr\">\u201cEsses s\u00e3o projetos importantes para o Brasil, tendo em vista que hidrovias s\u00e3o a \u00faltima fronteira para o desenvolvimento da infraestrutura\u201d, destacou o diretor-geral da ANTAQ, Eduardo Nery.<\/p>\n<p dir=\"ltr\">Ele pontuou ainda que \u201co in\u00edcio da cobran\u00e7a do frete nas hidrovias s\u00f3 vai acontecer ap\u00f3s a implementa\u00e7\u00e3o e opera\u00e7\u00e3o do concession\u00e1rio que vencer o leil\u00e3o\u201d. A diretriz da ANTAQ \u00e9 que nenhuma hidrovia seja leiloada caso o valor do frete p\u00f3s licita\u00e7\u00e3o somado com o valor da tarifa seja maior que o frete cobrado atualmente na hidrovia.<\/p>\n<p dir=\"ltr\">Estavam presentes o diretor-geral da Ag\u00eancia, Eduardo Nery; os diretores Wilson Lima Filho e Alber Vasconcelos; representantes da Secretaria Especial de Estudos e Projetos, e de Concess\u00f5es; o Contra-Almirante, Dino Avila Busso, que \u00e9 subchefe de Assuntos Mar\u00edtimos do Estado-Maior da Armada; e outros representantes dos distritos navais, Diretoria de Portos e Costa (DPC) e Diretoria de Hidrografia e Navega\u00e7\u00e3o (DHN) da Marinha.<\/p>\n<p dir=\"ltr\">Fonte: Antaq<\/p>\n","protected":false},"excerpt":{"rendered":"<p>A Ag\u00eancia Nacional de Transportes Aquavi\u00e1rios (ANTAQ) recebeu representantes dos distritos navais da Marinha do Brasil, nessa quarta-feira (20\/03), para apresenta\u00e7\u00e3o do Plano Geral de&#8230;<\/p>\n","protected":false},"author":1527,"featured_media":50519,"comment_status":"closed","ping_status":"closed","sticky":false,"template":"","format":"standard","meta":{"footnotes":""},"categories":[6],"tags":[],"class_list":["post-50518","post","type-post","status-publish","format-standard","has-post-thumbnail","hentry","category-noticias"],"_links":{"self":[{"href":"https:\/\/www.sincomam.org.br\/index.php\/wp-json\/wp\/v2\/posts\/50518","targetHints":{"allow":["GET"]}}],"collection":[{"href":"https:\/\/www.sincomam.org.br\/index.php\/wp-json\/wp\/v2\/posts"}],"about":[{"href":"https:\/\/www.sincomam.org.br\/index.php\/wp-json\/wp\/v2\/types\/post"}],"author":[{"embeddable":true,"href":"https:\/\/www.sincomam.org.br\/index.php\/wp-json\/wp\/v2\/users\/1527"}],"replies":[{"embeddable":true,"href":"https:\/\/www.sincomam.org.br\/index.php\/wp-json\/wp\/v2\/comments?post=50518"}],"version-history":[{"count":1,"href":"https:\/\/www.sincomam.org.br\/index.php\/wp-json\/wp\/v2\/posts\/50518\/revisions"}],"predecessor-version":[{"id":50520,"href":"https:\/\/www.sincomam.org.br\/index.php\/wp-json\/wp\/v2\/posts\/50518\/revisions\/50520"}],"wp:featuredmedia":[{"embeddable":true,"href":"https:\/\/www.sincomam.org.br\/index.php\/wp-json\/wp\/v2\/media\/50519"}],"wp:attachment":[{"href":"https:\/\/www.sincomam.org.br\/index.php\/wp-json\/wp\/v2\/media?parent=50518"}],"wp:term":[{"taxonomy":"category","embeddable":true,"href":"https:\/\/www.sincomam.org.br\/index.php\/wp-json\/wp\/v2\/categories?post=50518"},{"taxonomy":"post_tag","embeddable":true,"href":"https:\/\/www.sincomam.org.br\/index.php\/wp-json\/wp\/v2\/tags?post=50518"}],"curies":[{"name":"wp","href":"https:\/\/api.w.org\/{rel}","templated":true}]}}