{"id":5050,"date":"2014-04-23T08:05:28","date_gmt":"2014-04-23T11:05:28","guid":{"rendered":"http:\/\/www.sincomam.org.br\/?p=5050"},"modified":"2014-04-22T15:33:13","modified_gmt":"2014-04-22T18:33:13","slug":"veja-o-que-funciona-no-feriado-sao-jorge-no-rj","status":"publish","type":"post","link":"https:\/\/www.sincomam.org.br\/index.php\/veja-o-que-funciona-no-feriado-sao-jorge-no-rj\/","title":{"rendered":"Veja o que funciona no feriado S\u00e3o Jorge no RJ"},"content":{"rendered":"<p><b><i>Metr\u00f4 funciona das 7h \u00e0s 23h, com transfer\u00eancia apenas no Est\u00e1cio<\/i><\/b><\/p>\n<p>Durante o feriado de S\u00e3o Jorge (23), muitos servi\u00e7os p\u00fablicos ter\u00e3o hor\u00e1rios especiais no Rio. Os transportes v\u00e3o funcionar em hor\u00e1rios comuns nos fins de semana. Ag\u00eancias banc\u00e1rias n\u00e3o funcionar\u00e3o nesta quarta-feira. Confira abaixo o que abre e o que fecha no munic\u00edpio.<\/p>\n<p><b>Metr\u00f4<\/b><\/p>\n<p>Na quarta-feira (23), o metr\u00f4 abrir\u00e1 \u00e0s 7h e fechar\u00e1 \u00e0s 23h. As transfer\u00eancias tamb\u00e9m ser\u00e3o feitas na Esta\u00e7\u00e3o Est\u00e1cio.<\/p>\n<p><b>Trens<\/b><\/p>\n<p>Em feriado de S\u00e3o Jorge (23) os trens da SuperVia ir\u00e3o circular entre 4h40 e 20h30, de acordo com o planejado para cada ramal. Os passageiros podem consultar a grade hor\u00e1ria nas esta\u00e7\u00f5es e no site da concession\u00e1ria www.supervia.com.br, na se\u00e7\u00e3o &#8220;Planeje a Sua Viagem&#8221;.<\/p>\n<p><b>Barcas<\/b><\/p>\n<p>Nesta quarta-feira (23), a CCR Barcas informou que funcionar\u00e1 com opera\u00e7\u00e3o normal de fins de semana e feriados. Conforme previsto no quadro de hor\u00e1rios da concession\u00e1ria, as linhas do Cocot\u00e1 (Ilha do Governador) e de Charitas n\u00e3o funcionar\u00e3o neste per\u00edodo.<b><\/b><\/p>\n<p><b>Sa\u00fade<\/b><\/p>\n<p>Hospitais e Unidades de Pronto Atendimento (UPAs) funcionam normalmente durante todo o feriado. J\u00e1 unidades de aten\u00e7\u00e3o b\u00e1sica, como postos de sa\u00fade e cl\u00ednicas da fam\u00edlia, fecham no dia 23. No dia 22 tev\u00ea in\u00edcio da campanha de vacina\u00e7\u00e3o contra a gripe.<\/p>\n<p><b>Shoppings<\/b><\/p>\n<p>Os shoppings v\u00e3o funcionar em hor\u00e1rios especiais no feriad\u00e3o. Na quarta as pra\u00e7as de alimenta\u00e7\u00e3o do Bay Market, do Rio Sul e do Madureira Shopping, por exemplo, come\u00e7am a funcionar ao meio-dia e as lojas \u00e0s 15h. Nesse dia, o Rio Sul, BarraShopping e o New York City Center fecham \u00e0s 21h, enquanto o Bay Market e o Madureira Shopping fecham\u00a0 \u00e0s 22h.<b><\/b><\/p>\n<p><b>Correios <\/b><\/p>\n<p>Na quarta-feira, as ag\u00eancias de correio Tom Jobim, no Aeroporto Internacional, das 8h \u00e0s 15h30 e JK (no Centro Cultural Correios), das 12h \u00e0s 19h.<\/p>\n<p><b>Bancos<\/b><\/p>\n<p>N\u00e3o haver\u00e1 atendimento nas ag\u00eancias banc\u00e1rias nesta quarta-feira. As contas com vencimento marcado para esta data e os carn\u00eas poder\u00e3o ser pagos no pr\u00f3ximo dia \u00fatil subsequente, sem incid\u00eancia de multa.<\/p>\n<p><b>Com\u00e9rcio de Rua<\/b><\/p>\n<p>Na quarta (23), a abertura ser\u00e1 opcional por parte dos lojistas.\u00a0<b><\/b><\/p>\n<p>Fonte: G1 &#8211; Rio de Janeiro<\/p>\n","protected":false},"excerpt":{"rendered":"<p>Metr\u00f4 funciona das 7h \u00e0s 23h, com transfer\u00eancia apenas no Est\u00e1cio Durante o feriado de S\u00e3o Jorge (23), muitos servi\u00e7os p\u00fablicos ter\u00e3o hor\u00e1rios especiais no&#8230;<\/p>\n","protected":false},"author":1182,"featured_media":5051,"comment_status":"closed","ping_status":"closed","sticky":false,"template":"","format":"standard","meta":{"footnotes":""},"categories":[6],"tags":[986,609,489,988,990,987,964,989,524,525,59,985],"class_list":["post-5050","post","type-post","status-publish","format-standard","has-post-thumbnail","hentry","category-noticias","tag-abre","tag-bancos","tag-barcas","tag-comercio","tag-correios","tag-fecha","tag-feriado","tag-hospitais","tag-metro","tag-onibus","tag-rio-de-janeiro","tag-sao-jorge"],"_links":{"self":[{"href":"https:\/\/www.sincomam.org.br\/index.php\/wp-json\/wp\/v2\/posts\/5050","targetHints":{"allow":["GET"]}}],"collection":[{"href":"https:\/\/www.sincomam.org.br\/index.php\/wp-json\/wp\/v2\/posts"}],"about":[{"href":"https:\/\/www.sincomam.org.br\/index.php\/wp-json\/wp\/v2\/types\/post"}],"author":[{"embeddable":true,"href":"https:\/\/www.sincomam.org.br\/index.php\/wp-json\/wp\/v2\/users\/1182"}],"replies":[{"embeddable":true,"href":"https:\/\/www.sincomam.org.br\/index.php\/wp-json\/wp\/v2\/comments?post=5050"}],"version-history":[{"count":1,"href":"https:\/\/www.sincomam.org.br\/index.php\/wp-json\/wp\/v2\/posts\/5050\/revisions"}],"predecessor-version":[{"id":5052,"href":"https:\/\/www.sincomam.org.br\/index.php\/wp-json\/wp\/v2\/posts\/5050\/revisions\/5052"}],"wp:featuredmedia":[{"embeddable":true,"href":"https:\/\/www.sincomam.org.br\/index.php\/wp-json\/wp\/v2\/media\/5051"}],"wp:attachment":[{"href":"https:\/\/www.sincomam.org.br\/index.php\/wp-json\/wp\/v2\/media?parent=5050"}],"wp:term":[{"taxonomy":"category","embeddable":true,"href":"https:\/\/www.sincomam.org.br\/index.php\/wp-json\/wp\/v2\/categories?post=5050"},{"taxonomy":"post_tag","embeddable":true,"href":"https:\/\/www.sincomam.org.br\/index.php\/wp-json\/wp\/v2\/tags?post=5050"}],"curies":[{"name":"wp","href":"https:\/\/api.w.org\/{rel}","templated":true}]}}