{"id":50483,"date":"2024-03-22T09:55:32","date_gmt":"2024-03-22T12:55:32","guid":{"rendered":"http:\/\/www.sincomam.org.br\/?p=50483"},"modified":"2024-03-22T09:55:32","modified_gmt":"2024-03-22T12:55:32","slug":"comissao-de-relacoes-exteriores-aprova-texto-de-convencao-internacional-sobre-navegacao","status":"publish","type":"post","link":"https:\/\/www.sincomam.org.br\/index.php\/comissao-de-relacoes-exteriores-aprova-texto-de-convencao-internacional-sobre-navegacao\/","title":{"rendered":"Comiss\u00e3o de Rela\u00e7\u00f5es Exteriores aprova texto de conven\u00e7\u00e3o internacional sobre navega\u00e7\u00e3o"},"content":{"rendered":"<p>A Comiss\u00e3o de Rela\u00e7\u00f5es Exteriores (CRE) da C\u00e2mara aprovou, nesta quinta-feira (21), o texto da Conven\u00e7\u00e3o sobre a Organiza\u00e7\u00e3o Internacional de Aux\u00edlios Mar\u00edtimos \u00e0 Navega\u00e7\u00e3o, assinada em Paris, em 2021.<\/p>\n<p>O Projeto de Decreto Legislativo (PDL) 278\/2023, da C\u00e2mara dos Deputados, recebeu parecer favor\u00e1vel do relator, senador Chico Rodrigues (PSB-RR). O relat\u00f3rio foi lido na comiss\u00e3o pelo senador Hamilton Mour\u00e3o (Republicanos-RS). A mat\u00e9ria segue para an\u00e1lise em plen\u00e1rio.<\/p>\n<p>A Conven\u00e7\u00e3o transformou em uma organiza\u00e7\u00e3o internacional a antiga Associa\u00e7\u00e3o Internacional de Autoridades de Aux\u00edlios \u00e0 Navega\u00e7\u00e3o Mar\u00edtima e Far\u00f3is. Al\u00e9m disso, o projeto condiciona eventuais revis\u00f5es no texto \u00e0 aprova\u00e7\u00e3o do Congresso Nacional.<\/p>\n<p>Criada em 1957 e sediada na Fran\u00e7a, a Organiza\u00e7\u00e3o Internacional de Aux\u00edlios Mar\u00edtimos \u00e0 Navega\u00e7\u00e3o re\u00fane governos e entidades envolvidas com a regulamenta\u00e7\u00e3o, fornecimento e opera\u00e7\u00e3o de suporte mar\u00edtimos \u00e0 atividade mar\u00edtima. O principal objetivo \u00e9\u00a0a promo\u00e7\u00e3o da seguran\u00e7a e efici\u00eancia de embarca\u00e7\u00f5es por meio do aperfei\u00e7oamento dos aux\u00edlios \u00e0 navega\u00e7\u00e3o em todo o mundo.<\/p>\n<p>Outros prop\u00f3sitos da entidade internacional\u00a0s\u00e3o o acesso \u00e0 coopera\u00e7\u00e3o t\u00e9cnica e \u00e0 capacita\u00e7\u00e3o em acerca dos aux\u00edlios mar\u00edtimos;\u00a0a ampla ado\u00e7\u00e3o dos mais altos padr\u00f5es pratic\u00e1veis relacionados \u00e0 navega\u00e7\u00e3o; e o interc\u00e2mbio de informa\u00e7\u00f5es em assuntos relativos \u00e0 organiza\u00e7\u00e3o.<\/p>\n<p>O grupo de pa\u00edses-membros tamb\u00e9m deve desenvolver e divulgar padr\u00f5es n\u00e3o obrigat\u00f3rios, recomenda\u00e7\u00f5es e diretrizes n\u00e1uticas, al\u00e9m de organizar confer\u00eancias e outros eventos. Tamb\u00e9m precisam fornecer assist\u00eancia t\u00e9cnica, organizacional ou de treinamento aos pa\u00edses que solicitarem ajuda com aux\u00edlios \u00e0 navega\u00e7\u00e3o.<\/p>\n<p>Chico Rodrigues aponta que 80% do com\u00e9rcio internacional s\u00e3o realizados por via mar\u00edtima e que, no Brasil, esse percentual chega a 95%. \u201cDessa forma e na medida em que venha a regulamentar, no plano mundial, as quest\u00f5es relativas \u00e0 farolagem, balizagem e ajudas \u00e0 navega\u00e7\u00e3o, a nova organiza\u00e7\u00e3o contribuir\u00e1 para a movimenta\u00e7\u00e3o segura, econ\u00f4mica e eficiente de embarca\u00e7\u00f5es em todo o globo\u201d, afirma<\/p>\n<p>&nbsp;<\/p>\n<p>Fonte: Portos e Navios<\/p>\n","protected":false},"excerpt":{"rendered":"<p>A Comiss\u00e3o de Rela\u00e7\u00f5es Exteriores (CRE) da C\u00e2mara aprovou, nesta quinta-feira (21), o texto da Conven\u00e7\u00e3o sobre a Organiza\u00e7\u00e3o Internacional de Aux\u00edlios Mar\u00edtimos \u00e0 Navega\u00e7\u00e3o,&#8230;<\/p>\n","protected":false},"author":1527,"featured_media":50484,"comment_status":"closed","ping_status":"closed","sticky":false,"template":"","format":"standard","meta":{"footnotes":""},"categories":[6],"tags":[],"class_list":["post-50483","post","type-post","status-publish","format-standard","has-post-thumbnail","hentry","category-noticias"],"_links":{"self":[{"href":"https:\/\/www.sincomam.org.br\/index.php\/wp-json\/wp\/v2\/posts\/50483","targetHints":{"allow":["GET"]}}],"collection":[{"href":"https:\/\/www.sincomam.org.br\/index.php\/wp-json\/wp\/v2\/posts"}],"about":[{"href":"https:\/\/www.sincomam.org.br\/index.php\/wp-json\/wp\/v2\/types\/post"}],"author":[{"embeddable":true,"href":"https:\/\/www.sincomam.org.br\/index.php\/wp-json\/wp\/v2\/users\/1527"}],"replies":[{"embeddable":true,"href":"https:\/\/www.sincomam.org.br\/index.php\/wp-json\/wp\/v2\/comments?post=50483"}],"version-history":[{"count":1,"href":"https:\/\/www.sincomam.org.br\/index.php\/wp-json\/wp\/v2\/posts\/50483\/revisions"}],"predecessor-version":[{"id":50485,"href":"https:\/\/www.sincomam.org.br\/index.php\/wp-json\/wp\/v2\/posts\/50483\/revisions\/50485"}],"wp:featuredmedia":[{"embeddable":true,"href":"https:\/\/www.sincomam.org.br\/index.php\/wp-json\/wp\/v2\/media\/50484"}],"wp:attachment":[{"href":"https:\/\/www.sincomam.org.br\/index.php\/wp-json\/wp\/v2\/media?parent=50483"}],"wp:term":[{"taxonomy":"category","embeddable":true,"href":"https:\/\/www.sincomam.org.br\/index.php\/wp-json\/wp\/v2\/categories?post=50483"},{"taxonomy":"post_tag","embeddable":true,"href":"https:\/\/www.sincomam.org.br\/index.php\/wp-json\/wp\/v2\/tags?post=50483"}],"curies":[{"name":"wp","href":"https:\/\/api.w.org\/{rel}","templated":true}]}}