{"id":50480,"date":"2024-03-22T09:54:48","date_gmt":"2024-03-22T12:54:48","guid":{"rendered":"http:\/\/www.sincomam.org.br\/?p=50480"},"modified":"2024-03-22T09:54:48","modified_gmt":"2024-03-22T12:54:48","slug":"ong-requer-a-tribunal-internacional-responsabilizacao-de-estados-por-poluicao-maritima-e-aerea","status":"publish","type":"post","link":"https:\/\/www.sincomam.org.br\/index.php\/ong-requer-a-tribunal-internacional-responsabilizacao-de-estados-por-poluicao-maritima-e-aerea\/","title":{"rendered":"ONG requer a Tribunal Internacional responsabiliza\u00e7\u00e3o de Estados por polui\u00e7\u00e3o mar\u00edtima e a\u00e9rea"},"content":{"rendered":"<p>A ONG ambiental Opportunity Green apresentou arqui\u00e7\u00e3o ao Tribunal Internacional de Justi\u00e7a (CIJ), para que confirme que os Estados t\u00eam obriga\u00e7\u00f5es legais ao abrigo do direito internacional para lidar com os impactos clim\u00e1ticos da avia\u00e7\u00e3o e do transporte mar\u00edtimo internacionais, de acordo com o 1,5\u00b0C do Acordo de Paris.<\/p>\n<p>Os setores da avia\u00e7\u00e3o e do transporte mar\u00edtimo contribuem com quase 5% das emiss\u00f5es globais de gases com efeito de estufa. No entanto, a maioria dos estados n\u00e3o contabiliza atualmente as emiss\u00f5es destes setores nos seus compromissos clim\u00e1ticos nacionais no \u00e2mbito do Acordo de Paris.<\/p>\n<p>A ONG argumentou que \u00e9 um \u201cequ\u00edvoco\u201d que os estados devam confiar apenas em ag\u00eancias especializadas das Na\u00e7\u00f5es Unidas, a Organiza\u00e7\u00e3o Mar\u00edtima Internacional (IMO) e a Organiza\u00e7\u00e3o da Avia\u00e7\u00e3o Civil Internacional (ICAO), para agir sobre as emiss\u00f5es da avia\u00e7\u00e3o internacional e do transporte mar\u00edtimo.<\/p>\n<p>\u201cN\u00e3o s\u00f3 as metas existentes da ICAO e da IMO ficam muito aqu\u00e9m de impulsionar a descarboniza\u00e7\u00e3o desses setores para cumprir a meta de temperatura de Paris, mas os Estados tamb\u00e9m t\u00eam obriga\u00e7\u00f5es legais aut\u00f4nomas para reduzir as emiss\u00f5es de gases de efeito estufa da avia\u00e7\u00e3o e do transporte mar\u00edtimo internacionais\u201d, defende a Opportunity Green.<\/p>\n<p>A ONG argumenta que os esfor\u00e7os da ICAO e da IMO s\u00e3o adicionais \u00e0 a\u00e7\u00e3o no \u00e2mbito das contribui\u00e7\u00f5es individuais determinadas a n\u00edvel nacional dos Estados.<\/p>\n<p>Fonte: Portos e Navios<\/p>\n","protected":false},"excerpt":{"rendered":"<p>A ONG ambiental Opportunity Green apresentou arqui\u00e7\u00e3o ao Tribunal Internacional de Justi\u00e7a (CIJ), para que confirme que os Estados t\u00eam obriga\u00e7\u00f5es legais ao abrigo do&#8230;<\/p>\n","protected":false},"author":1527,"featured_media":50481,"comment_status":"closed","ping_status":"closed","sticky":false,"template":"","format":"standard","meta":{"footnotes":""},"categories":[6],"tags":[],"class_list":["post-50480","post","type-post","status-publish","format-standard","has-post-thumbnail","hentry","category-noticias"],"_links":{"self":[{"href":"https:\/\/www.sincomam.org.br\/index.php\/wp-json\/wp\/v2\/posts\/50480","targetHints":{"allow":["GET"]}}],"collection":[{"href":"https:\/\/www.sincomam.org.br\/index.php\/wp-json\/wp\/v2\/posts"}],"about":[{"href":"https:\/\/www.sincomam.org.br\/index.php\/wp-json\/wp\/v2\/types\/post"}],"author":[{"embeddable":true,"href":"https:\/\/www.sincomam.org.br\/index.php\/wp-json\/wp\/v2\/users\/1527"}],"replies":[{"embeddable":true,"href":"https:\/\/www.sincomam.org.br\/index.php\/wp-json\/wp\/v2\/comments?post=50480"}],"version-history":[{"count":1,"href":"https:\/\/www.sincomam.org.br\/index.php\/wp-json\/wp\/v2\/posts\/50480\/revisions"}],"predecessor-version":[{"id":50482,"href":"https:\/\/www.sincomam.org.br\/index.php\/wp-json\/wp\/v2\/posts\/50480\/revisions\/50482"}],"wp:featuredmedia":[{"embeddable":true,"href":"https:\/\/www.sincomam.org.br\/index.php\/wp-json\/wp\/v2\/media\/50481"}],"wp:attachment":[{"href":"https:\/\/www.sincomam.org.br\/index.php\/wp-json\/wp\/v2\/media?parent=50480"}],"wp:term":[{"taxonomy":"category","embeddable":true,"href":"https:\/\/www.sincomam.org.br\/index.php\/wp-json\/wp\/v2\/categories?post=50480"},{"taxonomy":"post_tag","embeddable":true,"href":"https:\/\/www.sincomam.org.br\/index.php\/wp-json\/wp\/v2\/tags?post=50480"}],"curies":[{"name":"wp","href":"https:\/\/api.w.org\/{rel}","templated":true}]}}