{"id":50474,"date":"2024-03-21T08:32:38","date_gmt":"2024-03-21T11:32:38","guid":{"rendered":"http:\/\/www.sincomam.org.br\/?p=50474"},"modified":"2024-03-21T08:32:38","modified_gmt":"2024-03-21T11:32:38","slug":"stf-adia-mais-uma-vez-julgamento-sobre-revisao-da-vida-toda","status":"publish","type":"post","link":"https:\/\/www.sincomam.org.br\/index.php\/stf-adia-mais-uma-vez-julgamento-sobre-revisao-da-vida-toda\/","title":{"rendered":"STF adia mais uma vez julgamento sobre revis\u00e3o da vida toda"},"content":{"rendered":"<p>O Supremo Tribunal Federal (STF) adiou mais uma vez nesta quarta-feira (20) a retomada do julgamento sobre a revis\u00e3o da vida toda de aposentadorias do Instituto Nacional do Seguro Social (INSS).<img decoding=\"async\" src=\"https:\/\/agenciabrasil.ebc.com.br\/ebc.png?id=1586493&amp;o=node\" \/><img decoding=\"async\" src=\"https:\/\/agenciabrasil.ebc.com.br\/ebc.gif?id=1586493&amp;o=node\" \/><\/p>\n<p>O processo que trata do tema estava na pauta de julgamentos de hoje, mas n\u00e3o foi chamado. A sess\u00e3o foi dedicada ao julgamento de processos que tratam do combate a queimadas no Pantanal.<\/p>\n<p>A a\u00e7\u00e3o foi inclu\u00edda na sess\u00e3o desta quinta-feira\u00a0(21). Contudo, n\u00e3o \u00e9 o primeiro item da pauta novamente.<\/p>\n<p>A Corte vai decidir se haver\u00e1 altera\u00e7\u00f5es na decis\u00e3o do pr\u00f3prio tribunal, que, em 2022, reconheceu a revis\u00e3o da vida toda e permitiu que aposentados que entraram na Justi\u00e7a possam pedir o rec\u00e1lculo do benef\u00edcio com base em todas as contribui\u00e7\u00f5es feitas ao longo da vida.<\/p>\n<p>Apesar da decis\u00e3o, a revis\u00e3o ainda n\u00e3o \u00e9 aplicada devido a um recurso do INSS. O \u00f3rg\u00e3o quer restringir os efeitos da validade da revis\u00e3o.<\/p>\n<p>O INSS quer excluir a aplica\u00e7\u00e3o da revis\u00e3o a benef\u00edcios previdenci\u00e1rios j\u00e1 extintos, decis\u00f5es judiciais que negaram direito \u00e0 revis\u00e3o conforme a jurisprud\u00eancia da \u00e9poca e proibi\u00e7\u00e3o de pagamento de diferen\u00e7as antes de 13 de abril de 2023, data na qual o ac\u00f3rd\u00e3o do julgamento do STF foi publicado.<\/p>\n<p>O \u00faltimo andamento do processo ocorreu no dia 1\u00b0 de dezembro do ano passado, quando o ministro Alexandre de Moraes interrompeu o julgamento do recurso no plen\u00e1rio virtual da Corte. Com a decis\u00e3o, o julgamento foi suspenso e ter\u00e1 continuidade na modalidade presencial.<\/p>\n<p>At\u00e9 o momento, os ministros Edson Fachin, Rosa Weber, que votou antes da aposentadoria, e C\u00e1rmen L\u00facia votaram para estabelecer como marco para o rec\u00e1lculo o dia 17 de dezembro de 2019, data na qual o Superior Tribunal de Justi\u00e7a (STJ) reconheceu o mesmo direito de revis\u00e3o a um segurado do INSS.<\/p>\n<p>Os ministros Cristiano Zanin, Dias Toffoli e Lu\u00eds Roberto Barroso votaram pela anula\u00e7\u00e3o da decis\u00e3o do STJ.<\/p>\n<p>&nbsp;<\/p>\n<p>Fonte: Ag\u00eancia Brasil<\/p>\n","protected":false},"excerpt":{"rendered":"<p>O Supremo Tribunal Federal (STF) adiou mais uma vez nesta quarta-feira (20) a retomada do julgamento sobre a revis\u00e3o da vida toda de aposentadorias do&#8230;<\/p>\n","protected":false},"author":1527,"featured_media":50475,"comment_status":"closed","ping_status":"closed","sticky":false,"template":"","format":"standard","meta":{"footnotes":""},"categories":[6],"tags":[],"class_list":["post-50474","post","type-post","status-publish","format-standard","has-post-thumbnail","hentry","category-noticias"],"_links":{"self":[{"href":"https:\/\/www.sincomam.org.br\/index.php\/wp-json\/wp\/v2\/posts\/50474","targetHints":{"allow":["GET"]}}],"collection":[{"href":"https:\/\/www.sincomam.org.br\/index.php\/wp-json\/wp\/v2\/posts"}],"about":[{"href":"https:\/\/www.sincomam.org.br\/index.php\/wp-json\/wp\/v2\/types\/post"}],"author":[{"embeddable":true,"href":"https:\/\/www.sincomam.org.br\/index.php\/wp-json\/wp\/v2\/users\/1527"}],"replies":[{"embeddable":true,"href":"https:\/\/www.sincomam.org.br\/index.php\/wp-json\/wp\/v2\/comments?post=50474"}],"version-history":[{"count":1,"href":"https:\/\/www.sincomam.org.br\/index.php\/wp-json\/wp\/v2\/posts\/50474\/revisions"}],"predecessor-version":[{"id":50476,"href":"https:\/\/www.sincomam.org.br\/index.php\/wp-json\/wp\/v2\/posts\/50474\/revisions\/50476"}],"wp:featuredmedia":[{"embeddable":true,"href":"https:\/\/www.sincomam.org.br\/index.php\/wp-json\/wp\/v2\/media\/50475"}],"wp:attachment":[{"href":"https:\/\/www.sincomam.org.br\/index.php\/wp-json\/wp\/v2\/media?parent=50474"}],"wp:term":[{"taxonomy":"category","embeddable":true,"href":"https:\/\/www.sincomam.org.br\/index.php\/wp-json\/wp\/v2\/categories?post=50474"},{"taxonomy":"post_tag","embeddable":true,"href":"https:\/\/www.sincomam.org.br\/index.php\/wp-json\/wp\/v2\/tags?post=50474"}],"curies":[{"name":"wp","href":"https:\/\/api.w.org\/{rel}","templated":true}]}}