{"id":50441,"date":"2024-03-20T09:11:04","date_gmt":"2024-03-20T12:11:04","guid":{"rendered":"http:\/\/www.sincomam.org.br\/?p=50441"},"modified":"2024-03-20T09:11:04","modified_gmt":"2024-03-20T12:11:04","slug":"brasileiro-e-resgatado-em-alto-mar-apos-veleiro-naufragar-a-mais-de-2-mil-km-da-costa-da-africa-do-sul","status":"publish","type":"post","link":"https:\/\/www.sincomam.org.br\/index.php\/brasileiro-e-resgatado-em-alto-mar-apos-veleiro-naufragar-a-mais-de-2-mil-km-da-costa-da-africa-do-sul\/","title":{"rendered":"Brasileiro \u00e9 resgatado em alto-mar ap\u00f3s veleiro naufragar a mais de 2 mil km da costa da \u00c1frica do Sul"},"content":{"rendered":"<p>Um brasileiro foi resgatado em alto-mar ap\u00f3s um veleiro naufragar a mais de 2 mil quil\u00f4metros da costa da\u00a0<a class=\"\" href=\"https:\/\/g1.globo.com\/tudo-sobre\/africa-do-sul\/\" data-mrf-link=\"https:\/\/g1.globo.com\/tudo-sobre\/africa-do-sul\/\">\u00c1frica do Sul<\/a>. De acordo com as autoridades sul-africanas, o resgate aconteceu no dia 14 de mar\u00e7o. As informa\u00e7\u00f5es foram divulgadas nesta ter\u00e7a-feira (19).<\/p>\n<div id=\"chunk-es021\">\n<div class=\"mc-column content-text active-extra-styles \" data-block-type=\"unstyled\" data-block-weight=\"41\" data-block-id=\"5\">\n<p class=\" content-text__container \" data-track-category=\"Link no Texto\" data-track-links=\"\" data-mrf-recirculation=\"Article links\">O veleiro su\u00ed\u00e7o Nina Pope saiu do Rio de Janeiro e fez uma parada no territ\u00f3rio ultramarino brit\u00e2nico de Trist\u00e3o da Cunha, no meio do Oceano Atl\u00e2ntico, no dia 12 de mar\u00e7o. A embarca\u00e7\u00e3o seguia com destino \u00e0 Cidade do Cabo.<\/p>\n<\/div>\n<\/div>\n<div id=\"chunk-1ij6k\">\n<div class=\"mc-column content-text active-extra-styles \" data-block-type=\"unstyled\" data-block-weight=\"35\" data-block-id=\"6\">\n<p class=\" content-text__container \" data-track-category=\"Link no Texto\" data-track-links=\"\" data-mrf-recirculation=\"Article links\">A Autoridade de Seguran\u00e7a Mar\u00edtima da \u00c1frica do Sul (Samsa, na sigla em ingl\u00eas) informou que, por volta da meia-noite do dia 14, recebeu uma notifica\u00e7\u00e3o informando que um grupo de marinheiros estava enfrentando problemas.<\/p>\n<\/div>\n<\/div>\n<div id=\"chunk-co4rq\">\n<div class=\"tag-manager-publicidade-container mc-has-reveal mc-has-ad-lazyload tag-manager-publicidade-banner_materia2 tag-manager-publicidade-container--carregado tag-manager-publicidade-container--visivel\" data-id=\"banner_materia2\" data-google-query-id=\"CPafuaLngoUDFY1OuAQdY28P9Q\">\n<div id=\"chunk-8hmo6\">\n<div class=\"mc-column content-text active-extra-styles \" data-block-type=\"unstyled\" data-block-weight=\"29\" data-block-id=\"8\">\n<p class=\" content-text__container \" data-track-category=\"Link no Texto\" data-track-links=\"\" data-mrf-recirculation=\"Article links\">Al\u00e9m do brasileiro, o grupo era formado por um tripulante su\u00ed\u00e7o e um capit\u00e3o alem\u00e3o. A embarca\u00e7\u00e3o tinha 16 metros de comprimento e cerca de 5 metros de largura.<\/p>\n<\/div>\n<\/div>\n<div id=\"chunk-93oog\">\n<div class=\"mc-column content-text active-extra-styles \" data-block-type=\"unstyled\" data-block-weight=\"45\" data-block-id=\"9\">\n<p class=\" content-text__container \" data-track-category=\"Link no Texto\" data-track-links=\"\" data-mrf-recirculation=\"Article links\">De acordo com a Samsa, antes do naufr\u00e1gio, o brasileiro e o su\u00ed\u00e7o embarcaram em um bote salva-vidas. No entanto, o capit\u00e3o alem\u00e3o do veleiro n\u00e3o conseguiu ir para o bote e afundou junto da embarca\u00e7\u00e3o. As autoridades informaram que ele n\u00e3o resistiu e morreu.<\/p>\n<\/div>\n<\/div>\n<div id=\"chunk-fgdq7\">\n<div class=\"row medium-uncollapsed content-media content-photo\" data-block-type=\"backstage-photo\" data-block-id=\"10\">\n<div class=\" mc-column  content-media__container\">\n<div class=\"content-media-container glb-skeleton-box\">\n<div id=\"chunk-8a633\">\n<div class=\"mc-column content-text active-extra-styles \" data-block-type=\"unstyled\" data-block-weight=\"24\" data-block-id=\"11\">\n<p class=\" content-text__container \" data-track-category=\"Link no Texto\" data-track-links=\"\" data-mrf-recirculation=\"Article links\">O brasileiro e o su\u00ed\u00e7o levaram consigo dispositivos de emerg\u00eancia que continuaram enviando informa\u00e7\u00f5es precisas de localiza\u00e7\u00e3o \u00e0s autoridades, o que ajudou no resgate.<\/p>\n<\/div>\n<\/div>\n<div id=\"chunk-1eo7v\">\n<div class=\"mc-column content-text active-extra-styles \" data-block-type=\"unstyled\" data-block-weight=\"41\" data-block-id=\"12\">\n<p class=\" content-text__container \" data-track-category=\"Link no Texto\" data-track-links=\"\" data-mrf-recirculation=\"Article links\">Com base nessas informa\u00e7\u00f5es, o Centro de Coordena\u00e7\u00e3o de Resgate Mar\u00edtimo da Cidade do Cabo enviou uma mensagem via r\u00e1dio a um navio petroleiro que havia sa\u00eddo da Argentina e navegava pelo Oceano Atl\u00e2ntico, nas proximidades de onde o naufr\u00e1gio aconteceu.<\/p>\n<\/div>\n<\/div>\n<div id=\"chunk-f8aii\">\n<div class=\"tag-manager-publicidade-container mc-has-reveal mc-has-ad-lazyload tag-manager-publicidade-banner_materia__e2acdb66-4e1d-4626-b463-02293f9f751e tag-manager-publicidade-container--carregado tag-manager-publicidade-container--visivel\" data-id=\"banner_materia__e2acdb66-4e1d-4626-b463-02293f9f751e\" data-google-query-id=\"CJjlnqvngoUDFT5NuAQdgQoIPg\">\n<div id=\"chunk-5g17v\">\n<div class=\"mc-column content-text active-extra-styles \" data-block-type=\"unstyled\" data-block-weight=\"46\" data-block-id=\"14\">\n<p class=\" content-text__container \" data-track-category=\"Link no Texto\" data-track-links=\"\" data-mrf-recirculation=\"Article links\">Durante a tarde do dia 14, o navio petroleiro informou que tinha avistado o bote salva-vidas com dois sobreviventes. Em seguida, a embarca\u00e7\u00e3o foi posicionada para fazer o resgate. Naquele momento, o mar estava agitado, com ondas de at\u00e9 8 metros e ventos de 74 km\/h.<\/p>\n<\/div>\n<\/div>\n<div id=\"chunk-2r410\">\n<div class=\"mc-column content-text active-extra-styles \" data-block-type=\"unstyled\" data-block-weight=\"26\" data-block-id=\"15\">\n<p class=\" content-text__container \" data-track-category=\"Link no Texto\" data-track-links=\"\" data-mrf-recirculation=\"Article links\">Segundo a Samsa, o bote salva-vidas em que estavam o brasileiro e o su\u00ed\u00e7o foi localizado a cerca de 2.400 km da Cidade do Cabo.<\/p>\n<\/div>\n<\/div>\n<div id=\"chunk-fso2o\">\n<div class=\"mc-column content-text active-extra-styles \" data-block-type=\"unstyled\" data-block-weight=\"26\" data-block-id=\"16\">\n<p class=\" content-text__container \" data-track-category=\"Link no Texto\" data-track-links=\"\" data-mrf-recirculation=\"Article links\">Os dois tripulantes foram socorridos em boas condi\u00e7\u00f5es de sa\u00fade e levados at\u00e9 a Cidade do Cabo. Ambos desembarcaram na \u00c1frica do Sul na segunda-feira (18).<\/p>\n<\/div>\n<\/div>\n<div id=\"chunk-8g1id\">\n<div class=\"mc-column content-text active-extra-styles \" data-block-type=\"unstyled\" data-block-weight=\"17\" data-block-id=\"17\">\n<p class=\" content-text__container \" data-track-category=\"Link no Texto\" data-track-links=\"\" data-mrf-recirculation=\"Article links\">A autoridade sul-africana informou que o brasileiro est\u00e1 recebendo aux\u00edlio da Embaixada do Brasil no pa\u00eds.<\/p>\n<\/div>\n<p data-track-category=\"Link no Texto\" data-track-links=\"\" data-mrf-recirculation=\"Article links\">Fonte: G1<\/p>\n<\/div>\n<\/div>\n<\/div>\n<\/div>\n<\/div>\n<\/div>\n<\/div>\n<\/div>\n<\/div>\n","protected":false},"excerpt":{"rendered":"<p>Um brasileiro foi resgatado em alto-mar ap\u00f3s um veleiro naufragar a mais de 2 mil quil\u00f4metros da costa da\u00a0\u00c1frica do Sul. De acordo com as&#8230;<\/p>\n","protected":false},"author":1527,"featured_media":50442,"comment_status":"closed","ping_status":"closed","sticky":false,"template":"","format":"standard","meta":{"footnotes":""},"categories":[6],"tags":[],"class_list":["post-50441","post","type-post","status-publish","format-standard","has-post-thumbnail","hentry","category-noticias"],"_links":{"self":[{"href":"https:\/\/www.sincomam.org.br\/index.php\/wp-json\/wp\/v2\/posts\/50441","targetHints":{"allow":["GET"]}}],"collection":[{"href":"https:\/\/www.sincomam.org.br\/index.php\/wp-json\/wp\/v2\/posts"}],"about":[{"href":"https:\/\/www.sincomam.org.br\/index.php\/wp-json\/wp\/v2\/types\/post"}],"author":[{"embeddable":true,"href":"https:\/\/www.sincomam.org.br\/index.php\/wp-json\/wp\/v2\/users\/1527"}],"replies":[{"embeddable":true,"href":"https:\/\/www.sincomam.org.br\/index.php\/wp-json\/wp\/v2\/comments?post=50441"}],"version-history":[{"count":1,"href":"https:\/\/www.sincomam.org.br\/index.php\/wp-json\/wp\/v2\/posts\/50441\/revisions"}],"predecessor-version":[{"id":50443,"href":"https:\/\/www.sincomam.org.br\/index.php\/wp-json\/wp\/v2\/posts\/50441\/revisions\/50443"}],"wp:featuredmedia":[{"embeddable":true,"href":"https:\/\/www.sincomam.org.br\/index.php\/wp-json\/wp\/v2\/media\/50442"}],"wp:attachment":[{"href":"https:\/\/www.sincomam.org.br\/index.php\/wp-json\/wp\/v2\/media?parent=50441"}],"wp:term":[{"taxonomy":"category","embeddable":true,"href":"https:\/\/www.sincomam.org.br\/index.php\/wp-json\/wp\/v2\/categories?post=50441"},{"taxonomy":"post_tag","embeddable":true,"href":"https:\/\/www.sincomam.org.br\/index.php\/wp-json\/wp\/v2\/tags?post=50441"}],"curies":[{"name":"wp","href":"https:\/\/api.w.org\/{rel}","templated":true}]}}