{"id":50422,"date":"2024-03-19T09:04:39","date_gmt":"2024-03-19T12:04:39","guid":{"rendered":"http:\/\/www.sincomam.org.br\/?p=50422"},"modified":"2024-03-19T09:04:39","modified_gmt":"2024-03-19T12:04:39","slug":"a-historia-inspiradora-da-primeira-militar-brasileira-em-missoes-de-paz-da-onu","status":"publish","type":"post","link":"https:\/\/www.sincomam.org.br\/index.php\/a-historia-inspiradora-da-primeira-militar-brasileira-em-missoes-de-paz-da-onu\/","title":{"rendered":"A Hist\u00f3ria Inspiradora da Primeira Militar Brasileira em Miss\u00f5es de Paz da ONU"},"content":{"rendered":"<p>Em um ambiente predominantemente masculino, a trajet\u00f3ria da\u00a0Capit\u00e3o de Mar e Guerra Carla Daniel\u00a0representa n\u00e3o apenas uma quebra de paradigmas dentro das For\u00e7as Armadas Brasileiras, mas tamb\u00e9m um farol de inspira\u00e7\u00e3o para mulheres em todo o pa\u00eds. Durante o\u00a0I Curso de Cobertura Jornal\u00edstica em \u00c1rea de Combate, organizado pelo\u00a0Centro de Opera\u00e7\u00f5es de Paz de Car\u00e1ter Naval (COpPazNav), a a Capit\u00e3o de Mar e Guerra Carla Daniel compartilhou suas experi\u00eancias vividas em miss\u00f5es de paz sob a bandeira da Organiza\u00e7\u00e3o das Na\u00e7\u00f5es Unidas (ONU), onde atuou com distin\u00e7\u00e3o e pioneirismo. Sua palestra, \u201cA Comunica\u00e7\u00e3o em Opera\u00e7\u00f5es de Paz\u201d, n\u00e3o somente detalhou os desafios enfrentados em campo, mas tamb\u00e9m ressaltou a import\u00e2ncia da presen\u00e7a feminina em posi\u00e7\u00f5es de lideran\u00e7a e em cen\u00e1rios de conflito global.<\/p>\n<p><strong>Barreiras Quebradas<\/strong><\/p>\n<p>A hist\u00f3ria da Capit\u00e3o de Mar e Guerra Daniel \u00e9 marcada por \u201cprimeiras vezes\u201d. Ela n\u00e3o s\u00f3 foi a primeira mulher militar da Marinha do Brasil a atuar embarcada em uma miss\u00e3o de paz da ONU representando a Marinha do Brasil, como tamb\u00e9m a primeira a servir na sede da organiza\u00e7\u00e3o em Nova York. Esses feitos, al\u00e9m de sublinhar o potencial e a compet\u00eancia feminina em ambientes adversos e desafiadores, tamb\u00e9m destacam a progressiva inclus\u00e3o das mulheres nas mais variadas esferas da defesa nacional e internacional. Sua experi\u00eancia pioneira, compartilhada com emotividade e sinceridade durante o curso, tornou-se um dos momentos mais celebrados e um exemplo palp\u00e1vel do que \u00e9 poss\u00edvel alcan\u00e7ar com determina\u00e7\u00e3o e profissionalismo.<\/p>\n<div class=\"td-a-rec td-a-rec-id-content_inline tdi_2 td_block_template_11\">\n<p><strong>Desafios e Conquistas<\/strong><\/p>\n<\/div>\n<p>\u201cN\u00e3o \u00e9 f\u00e1cil abrir portas, mas que bom que elas foram abertas\u201d, reflete a Capit\u00e3o de Mar e Guerra Carla Daniel sobre sua jornada. Esta frase resume n\u00e3o apenas sua trajet\u00f3ria pessoal, mas tamb\u00e9m a luta cont\u00ednua das mulheres por reconhecimento e igualdade dentro das for\u00e7as armadas e em outros setores da sociedade. O relato de suas experi\u00eancias em miss\u00f5es de paz e seu sucesso em pap\u00e9is de lideran\u00e7a destacam a import\u00e2ncia de fomentar ambientes inclusivos e de respeito m\u00fatuo, onde homens e mulheres possam contribuir igualmente para a seguran\u00e7a e a paz globais.<\/p>\n<p><strong>O Futuro da Mulher nas For\u00e7as Armadas<\/strong><\/p>\n<p>O curso, que contou com aproximadamente trinta por cento de participa\u00e7\u00e3o feminina, \u00e9 um sinal encorajador de mudan\u00e7a e evolu\u00e7\u00e3o dentro das For\u00e7as Armadas. A presen\u00e7a de mulheres em posi\u00e7\u00f5es de destaque, como a da Capit\u00e3o Daniel, serve n\u00e3o apenas como inspira\u00e7\u00e3o, mas tamb\u00e9m como um convite para que mais mulheres busquem seu espa\u00e7o em \u00e1reas tradicionalmente dominadas por homens. \u00c9 essencial que continuemos a destacar e celebrar essas conquistas, pois elas pavimentam o caminho para futuras gera\u00e7\u00f5es de mulheres guerreiras, l\u00edderes e pacificadoras.<\/p>\n<p>&nbsp;<\/p>\n<p>Fonte: Defesa em Foco<\/p>\n","protected":false},"excerpt":{"rendered":"<p>Em um ambiente predominantemente masculino, a trajet\u00f3ria da\u00a0Capit\u00e3o de Mar e Guerra Carla Daniel\u00a0representa n\u00e3o apenas uma quebra de paradigmas dentro das For\u00e7as Armadas Brasileiras,&#8230;<\/p>\n","protected":false},"author":1527,"featured_media":50423,"comment_status":"closed","ping_status":"closed","sticky":false,"template":"","format":"standard","meta":{"footnotes":""},"categories":[6],"tags":[],"class_list":["post-50422","post","type-post","status-publish","format-standard","has-post-thumbnail","hentry","category-noticias"],"_links":{"self":[{"href":"https:\/\/www.sincomam.org.br\/index.php\/wp-json\/wp\/v2\/posts\/50422","targetHints":{"allow":["GET"]}}],"collection":[{"href":"https:\/\/www.sincomam.org.br\/index.php\/wp-json\/wp\/v2\/posts"}],"about":[{"href":"https:\/\/www.sincomam.org.br\/index.php\/wp-json\/wp\/v2\/types\/post"}],"author":[{"embeddable":true,"href":"https:\/\/www.sincomam.org.br\/index.php\/wp-json\/wp\/v2\/users\/1527"}],"replies":[{"embeddable":true,"href":"https:\/\/www.sincomam.org.br\/index.php\/wp-json\/wp\/v2\/comments?post=50422"}],"version-history":[{"count":1,"href":"https:\/\/www.sincomam.org.br\/index.php\/wp-json\/wp\/v2\/posts\/50422\/revisions"}],"predecessor-version":[{"id":50424,"href":"https:\/\/www.sincomam.org.br\/index.php\/wp-json\/wp\/v2\/posts\/50422\/revisions\/50424"}],"wp:featuredmedia":[{"embeddable":true,"href":"https:\/\/www.sincomam.org.br\/index.php\/wp-json\/wp\/v2\/media\/50423"}],"wp:attachment":[{"href":"https:\/\/www.sincomam.org.br\/index.php\/wp-json\/wp\/v2\/media?parent=50422"}],"wp:term":[{"taxonomy":"category","embeddable":true,"href":"https:\/\/www.sincomam.org.br\/index.php\/wp-json\/wp\/v2\/categories?post=50422"},{"taxonomy":"post_tag","embeddable":true,"href":"https:\/\/www.sincomam.org.br\/index.php\/wp-json\/wp\/v2\/tags?post=50422"}],"curies":[{"name":"wp","href":"https:\/\/api.w.org\/{rel}","templated":true}]}}