{"id":50419,"date":"2024-03-19T09:02:01","date_gmt":"2024-03-19T12:02:01","guid":{"rendered":"http:\/\/www.sincomam.org.br\/?p=50419"},"modified":"2024-03-19T09:02:17","modified_gmt":"2024-03-19T12:02:17","slug":"porto-de-suape-sediara-primeira-assembleia-geral-itinerante-da-abeph","status":"publish","type":"post","link":"https:\/\/www.sincomam.org.br\/index.php\/porto-de-suape-sediara-primeira-assembleia-geral-itinerante-da-abeph\/","title":{"rendered":"PORTO DE SUAPE SEDIAR\u00c1 PRIMEIRA ASSEMBLEIA GERAL ITINERANTE DA ABEPH"},"content":{"rendered":"<p>A Associa\u00e7\u00e3o Brasileira das Entidades Portu\u00e1rias e Hidrovi\u00e1rias (Abeph) realiza, nos dias 21 e 22 de mar\u00e7o de 2024, a primeira edi\u00e7\u00e3o da Assembleia Geral itinerante, que acontecer\u00e1 no Porto de Suape. O encontro promover\u00e1 um interc\u00e2mbio entre as autoridades portu\u00e1rias, com workshops e constru\u00e7\u00e3o de solu\u00e7\u00f5es para os portos associados. O evento contar\u00e1 com a participa\u00e7\u00e3o do diretor-presidente e anfitri\u00e3o, Marcio Guiot, do ministro de Portos e Aeroportos, Silvio Costa Filho, do secret\u00e1rio Nacional de Portos, Alex \u00c1vila, e do diretor-geral da Antaq, Eduardo Nery.<\/p>\n<p>A Abeph preparou uma programa\u00e7\u00e3o focada em atividades informativas e interativas. O primeiro dia de evento come\u00e7a com a cerim\u00f4nia de abertura, seguida pelo workshop sobre dragagem, com apresenta\u00e7\u00f5es de empresas renomadas no setor, como Deme Group, DTA Engenharia e Jan de Null.<\/p>\n<p>No segundo dia de evento, os participantes ter\u00e3o a oportunidade de fazer uma visita t\u00e9cnica ao Complexo Industrial Portu\u00e1rio de Suape, seguida pela apresenta\u00e7\u00e3o do Plano de Governo sobre dragagem, com representante do Minist\u00e9rio de Portos e Aeroportos.<\/p>\n<p>A realiza\u00e7\u00e3o da assembleia itinerante refor\u00e7a o comprometimento da Associa\u00e7\u00e3o em aprofundar o interc\u00e2mbio e o di\u00e1logo entre as autoridades portu\u00e1rias associadas com o governo federal e ag\u00eancia reguladora, no sentido de avan\u00e7ar conjuntamente na solu\u00e7\u00e3o dos desafios enfrentados pelo setor portu\u00e1rio.<\/p>\n<p>&nbsp;<\/p>\n<p>Fonte: Informativo dos Portos<\/p>\n","protected":false},"excerpt":{"rendered":"<p>A Associa\u00e7\u00e3o Brasileira das Entidades Portu\u00e1rias e Hidrovi\u00e1rias (Abeph) realiza, nos dias 21 e 22 de mar\u00e7o de 2024, a primeira edi\u00e7\u00e3o da Assembleia Geral&#8230;<\/p>\n","protected":false},"author":1527,"featured_media":50420,"comment_status":"closed","ping_status":"closed","sticky":false,"template":"","format":"standard","meta":{"footnotes":""},"categories":[6],"tags":[],"class_list":["post-50419","post","type-post","status-publish","format-standard","has-post-thumbnail","hentry","category-noticias"],"_links":{"self":[{"href":"https:\/\/www.sincomam.org.br\/index.php\/wp-json\/wp\/v2\/posts\/50419","targetHints":{"allow":["GET"]}}],"collection":[{"href":"https:\/\/www.sincomam.org.br\/index.php\/wp-json\/wp\/v2\/posts"}],"about":[{"href":"https:\/\/www.sincomam.org.br\/index.php\/wp-json\/wp\/v2\/types\/post"}],"author":[{"embeddable":true,"href":"https:\/\/www.sincomam.org.br\/index.php\/wp-json\/wp\/v2\/users\/1527"}],"replies":[{"embeddable":true,"href":"https:\/\/www.sincomam.org.br\/index.php\/wp-json\/wp\/v2\/comments?post=50419"}],"version-history":[{"count":1,"href":"https:\/\/www.sincomam.org.br\/index.php\/wp-json\/wp\/v2\/posts\/50419\/revisions"}],"predecessor-version":[{"id":50421,"href":"https:\/\/www.sincomam.org.br\/index.php\/wp-json\/wp\/v2\/posts\/50419\/revisions\/50421"}],"wp:featuredmedia":[{"embeddable":true,"href":"https:\/\/www.sincomam.org.br\/index.php\/wp-json\/wp\/v2\/media\/50420"}],"wp:attachment":[{"href":"https:\/\/www.sincomam.org.br\/index.php\/wp-json\/wp\/v2\/media?parent=50419"}],"wp:term":[{"taxonomy":"category","embeddable":true,"href":"https:\/\/www.sincomam.org.br\/index.php\/wp-json\/wp\/v2\/categories?post=50419"},{"taxonomy":"post_tag","embeddable":true,"href":"https:\/\/www.sincomam.org.br\/index.php\/wp-json\/wp\/v2\/tags?post=50419"}],"curies":[{"name":"wp","href":"https:\/\/api.w.org\/{rel}","templated":true}]}}