{"id":50407,"date":"2024-03-18T08:01:28","date_gmt":"2024-03-18T11:01:28","guid":{"rendered":"http:\/\/www.sincomam.org.br\/?p=50407"},"modified":"2024-03-18T08:01:28","modified_gmt":"2024-03-18T11:01:28","slug":"depoimentos-na-pf-colocam-bolsonaro-no-centro-de-trama-golpista","status":"publish","type":"post","link":"https:\/\/www.sincomam.org.br\/index.php\/depoimentos-na-pf-colocam-bolsonaro-no-centro-de-trama-golpista\/","title":{"rendered":"Depoimentos na PF colocam Bolsonaro no centro de trama golpista"},"content":{"rendered":"<p>Diferentes depoimentos prestados \u00e0 Pol\u00edcia Federal (PF)\u00a0confirmam a exist\u00eancia de uma trama golpista no alto escal\u00e3o do governo passado, e ao menos dois, dos ex-comandantes do Ex\u00e9rcito, Marco Antonio Freire Gomes, e da Aeron\u00e1utica, Carlos Almeida Baptista J\u00fanior, colocam o ex-presidente Jair Bolsonaro no centro das conspira\u00e7\u00f5es.<img decoding=\"async\" src=\"https:\/\/agenciabrasil.ebc.com.br\/ebc.png?id=1585953&amp;o=node\" \/><img decoding=\"async\" src=\"https:\/\/agenciabrasil.ebc.com.br\/ebc.gif?id=1585953&amp;o=node\" \/><\/p>\n<p>O\u00a0sigilo sobre os depoimentos foi levantado\u00a0nesta sexta-feira (15) pelo ministro Alexandre de Moraes, do Supremo Tribunal Federal (STF), relator do inqu\u00e9rito que apura uma suposta trama golpista envolvendo o ex-presidente e auxiliares pr\u00f3ximos, incluindo militares de alto escal\u00e3o do governo.<\/p>\n<p>Nos depoimentos, os ex-comandantes do Ex\u00e9rcito e da Aeron\u00e1utica disseram aos investigadores terem participado de reuni\u00f5es com o ent\u00e3o presidente da Rep\u00fablica, no Pal\u00e1cio da Alvorada, para conhecerem o teor de uma minuta de decreto presidencial voltada para manter Bolsonaro no poder ap\u00f3s a derrota no segundo turno da elei\u00e7\u00e3o presidencial de 2022.<\/p>\n<p>Freire Gomes afirmou que uma\u00a0minuta de golpe\u00a0foi apresentada a ele em reuni\u00e3o no dia 7 de dezembro, na biblioteca do Alvorada, ocasi\u00e3o que o\u00a0teor de um decreto golpista foi lido por Filipe Martins, ex-assessor especial da Presid\u00eancia.<\/p>\n<p>\u201cQue o Presidente informou ao depoente e aos presentes que o documento estava em estudo e depois reportaria a evolu\u00e7\u00e3o aos comandantes\u201d, disse Freire Gomes \u00e0 Pol\u00edcia Federal.<\/p>\n<p>Ele confirmou ainda uma segunda reuni\u00e3o, em data que n\u00e3o forneceu, na qual foi apresentada uma revis\u00e3o da mesma minuta, na qual constava a decreta\u00e7\u00e3o de um Estado de Defesa no pa\u00eds.<\/p>\n<p>Baptista Jr. tamb\u00e9m relatou\u00a0ter participado de reuni\u00f5es\u00a0em que \u201co ent\u00e3o presidente da Rep\u00fablica, Jair Bolsonaro, apresentava a hip\u00f3tese de utiliza\u00e7\u00e3o da Garantia da Lei e da Ordem [GLO] e outros institutos jur\u00eddicos mais complexos, como a decreta\u00e7\u00e3o do Estado de Defesa para solucionar uma poss\u00edvel &#8220;crise institucional&#8221;.<\/p>\n<p>Ainda segundo ele,\u00a0o general\u00a0Freire Gomes, ex-comandante do Ex\u00e9rcito,\u00a0amea\u00e7ou prender o ex-presidente Jair Bolsonaro\u00a0caso levasse adiante uma tentativa de golpe de Estado.<\/p>\n<h2>Questionamento das urnas<\/h2>\n<p>Outro depoente, o ex-deputado federal Valdemar Costa Neto, presidente do PL, partido de Bolsonaro, confirmou ter partido deste a ideia de contratar o Instituto Voto Livre (IVL) para uma \u201cfiscaliza\u00e7\u00e3o nas urnas\u201d ap\u00f3s o segundo turno de 2022, por R$ 1 milh\u00e3o. Segundo Costa Neto,\u00a0o ex-presidente o pressionou\u00a0para que apresentasse, em nome da legenda, uma a\u00e7\u00e3o contra o resultado das urnas no Tribunal Superior Eleitoral (TSE).<\/p>\n<p>\u201cIndagado se o ent\u00e3o presidente Jair Bolsonaro insistiu com o declarante para ajuizar a\u00e7\u00e3o no TSE questionando o resultado das urnas eletr\u00f4nicas, respondeu que, quando houve o vazamento do relat\u00f3rio do IVL, os deputados do Partido Liberal e o ent\u00e3o presidente Bolsonaro o pressionaram para ajuizar tal a\u00e7\u00e3o no TSE\u201d, diz trecho do relat\u00f3rio da PF sobre o depoimento.<\/p>\n<p>Apesar de ter apresentado a a\u00e7\u00e3o com o relat\u00f3rio do IVL ao TSE, que respondeu multando o PL em R$ 22 milh\u00f5es por litig\u00e2ncia de m\u00e1-f\u00e9, Valdemar disse \u00e0 PF que, diferentemente de Bolsonaro, n\u00e3o viu no documento nenhum ind\u00edcio concreto de fraude \u00e0s urnas eletr\u00f4nicas.<\/p>\n<p>Questionado se conhecia alguma minuta de golpe, Valdemar novamente confirmou receber \u201cdiversos\u201d textos com ideias do tipo, mas que nunca os levou a s\u00e9rio por, ele pr\u00f3prio, descartar qualquer ideia de golpe.<\/p>\n<h2>Opera\u00e7\u00e3o especial<\/h2>\n<p>O general da reserva do Ex\u00e9rcito Laercio Vergilio, por sua vez, afirmou \u00e0 PF que, em sua opini\u00e3o, a\u00a0pris\u00e3o de Moraes\u00a0seria importante para trazer a \u201cvolta \u00e0 normalidade\u201d ao pa\u00eds. Verg\u00edlio deu essa resposta ao ser confrontado com mensagens que enviou a outro investigado, nas quais disse que o ministro deveria ser preso em 18 de dezembro de 2022.<\/p>\n<p>Vergilio negou participa\u00e7\u00e3o em qualquer ato para planejar, ou de fato, prender Moraes, ou de planejamento de um golpe de Estado. Ao ser confrontado, contudo, com mensagens suas sobre o suposto planejamento de uma \u201copera\u00e7\u00e3o especial\u201d, o general da reserva confirmou que tal a\u00e7\u00e3o seria deflagrada em \u201cuma fase posterior\u201d e citou ainda a \u201cgarantia da lei e da ordem\u201d como fundamento jur\u00eddico da a\u00e7\u00e3o.<\/p>\n<p>\u201cA chamada opera\u00e7\u00e3o especial seria uma fase posterior e tudo deveria ser realizado dentro da lei e da ordem, embasado juridicamente na Constitui\u00e7\u00e3o\u201d, disse Vergilio. Ele explicou que \u201ca ideia que quis passar com a chamada \u2018opera\u00e7\u00e3o especial\u2019 era para implementar a GLO temporariamente, at\u00e9 que a normalidade constitucional se restabelecesse\u201d.<\/p>\n<p>As mensagens, cuja autoria foi confirmada pelo general, foram enviadas ao major reformado do Ex\u00e9rcito Ailton Gon\u00e7alves Moraes Barros, que atuou como seguran\u00e7a de Bolsonaro e \u00e9 investigado no inqu\u00e9rito sobre a suposta fraude do cart\u00e3o de vacina do ent\u00e3o presidente. Nelas, Verg\u00edlio pedia para que \u201cZero Uno\u201d, que confirmou ser Bolsonaro, fosse comunicado sobre a chamada \u201copera\u00e7\u00e3o especial\u201d e o dia de pris\u00e3o de Moraes.<\/p>\n<h2>Negativas<\/h2>\n<p>Os demais depoentes que decidiram falar negaram qualquer ideia de golpe de Estado. O general Estevam Cals Te\u00f3philo Gaspar e Oliveira, por exemplo, confirmou ter se reunido com Bolsonaro ap\u00f3s o segundo turno das elei\u00e7\u00f5es de 2022, mas disse que o fez a mando de Freire Gomes e para\u00a0\u201couvir lamenta\u00e7\u00f5es\u201d\u00a0do presidente, que estaria deprimido com a derrota no pleito. Freire Gomes, ao ser questionado pelos investigadores, negou a ordem.<\/p>\n<p>Do total de 27 pessoas chamadas a depor pela PF no inqu\u00e9rito que apura a\u00a0tentativa de golpe de Estado e subvers\u00e3o das elei\u00e7\u00f5es presidenciais de 2022, 14\u00a0ficaram em sil\u00eancio\u00a0alegando o direito constitucional de n\u00e3o\u00a0produzirem\u00a0provas contra si mesmos ou suposta \u201cfalta de acesso a todos os elementos de prova\u201d.<\/p>\n<p>O ex-assessor especial para Assuntos Internacionais da Presid\u00eancia da Rep\u00fablica, Filipe Martins, ficou calado a maior parte do tempo e\u00a0negou \u00e0 PF a autoria ou o conhecimento de qualquer minuta de golpe.<\/p>\n<p>Outro que negou qualquer\u00a0envolvimento com alguma trama golpista foi Anderson Torres, ex-ministro da Justi\u00e7a e Seguran\u00e7a P\u00fablica.<\/p>\n<p>Bolsonaro nunca admitiu ter discutido a ideia ou o teor de uma minuta de golpe. No Supremo, em resposta a uma minuta encontrada no gabinete do ex-presidente na sede do PL, em Bras\u00edlia, a defesa tamb\u00e9m negou que ele tenha participado da elabora\u00e7\u00e3o de qualquer documento de teor golpista.<\/p>\n<p>Em sua conta verificada no X, o advogado Fabio Wajngarten, que representa o ex-presidente junto ao Supremo e foi do primeiro escal\u00e3o do governo, disse que, em seu conv\u00edvio direto com Bolsonaro, nunca ouviu falar de golpe.<\/p>\n<p>\u201cEu convivo pr\u00f3ximo com o presidente @jairbolsonaro ? Tenho informa\u00e7\u00f5es qualificadas diretamente de fonte prim\u00e1ria? Em nenhum momento ouvi nada de golpe, nem de pris\u00e3o, nem de nada\u201d, escreveu Wajngarten. \u201cTem um monte de focas adestradas, bajuladores nato [sic], que falavam o que queriam para ganhar segundos de aten\u00e7\u00e3o e notoriedade\u201d.<\/p>\n<p>&nbsp;<\/p>\n<p>Fonte: Ag\u00eancia Brasil<\/p>\n","protected":false},"excerpt":{"rendered":"<p>Diferentes depoimentos prestados \u00e0 Pol\u00edcia Federal (PF)\u00a0confirmam a exist\u00eancia de uma trama golpista no alto escal\u00e3o do governo passado, e ao menos dois, dos ex-comandantes&#8230;<\/p>\n","protected":false},"author":1527,"featured_media":50408,"comment_status":"closed","ping_status":"closed","sticky":false,"template":"","format":"standard","meta":{"footnotes":""},"categories":[6],"tags":[],"class_list":["post-50407","post","type-post","status-publish","format-standard","has-post-thumbnail","hentry","category-noticias"],"_links":{"self":[{"href":"https:\/\/www.sincomam.org.br\/index.php\/wp-json\/wp\/v2\/posts\/50407","targetHints":{"allow":["GET"]}}],"collection":[{"href":"https:\/\/www.sincomam.org.br\/index.php\/wp-json\/wp\/v2\/posts"}],"about":[{"href":"https:\/\/www.sincomam.org.br\/index.php\/wp-json\/wp\/v2\/types\/post"}],"author":[{"embeddable":true,"href":"https:\/\/www.sincomam.org.br\/index.php\/wp-json\/wp\/v2\/users\/1527"}],"replies":[{"embeddable":true,"href":"https:\/\/www.sincomam.org.br\/index.php\/wp-json\/wp\/v2\/comments?post=50407"}],"version-history":[{"count":1,"href":"https:\/\/www.sincomam.org.br\/index.php\/wp-json\/wp\/v2\/posts\/50407\/revisions"}],"predecessor-version":[{"id":50409,"href":"https:\/\/www.sincomam.org.br\/index.php\/wp-json\/wp\/v2\/posts\/50407\/revisions\/50409"}],"wp:featuredmedia":[{"embeddable":true,"href":"https:\/\/www.sincomam.org.br\/index.php\/wp-json\/wp\/v2\/media\/50408"}],"wp:attachment":[{"href":"https:\/\/www.sincomam.org.br\/index.php\/wp-json\/wp\/v2\/media?parent=50407"}],"wp:term":[{"taxonomy":"category","embeddable":true,"href":"https:\/\/www.sincomam.org.br\/index.php\/wp-json\/wp\/v2\/categories?post=50407"},{"taxonomy":"post_tag","embeddable":true,"href":"https:\/\/www.sincomam.org.br\/index.php\/wp-json\/wp\/v2\/tags?post=50407"}],"curies":[{"name":"wp","href":"https:\/\/api.w.org\/{rel}","templated":true}]}}