{"id":50404,"date":"2024-03-18T07:59:55","date_gmt":"2024-03-18T10:59:55","guid":{"rendered":"http:\/\/www.sincomam.org.br\/?p=50404"},"modified":"2024-03-18T07:59:55","modified_gmt":"2024-03-18T10:59:55","slug":"pelo-segundo-dia-seguido-rio-bate-recorde-de-sensacao-termica","status":"publish","type":"post","link":"https:\/\/www.sincomam.org.br\/index.php\/pelo-segundo-dia-seguido-rio-bate-recorde-de-sensacao-termica\/","title":{"rendered":"Pelo segundo dia seguido Rio bate recorde de sensa\u00e7\u00e3o t\u00e9rmica"},"content":{"rendered":"<p>O munic\u00edpio do Rio bateu novo recorde de sensa\u00e7\u00e3o t\u00e9rmica. O Sistema Alerta Rio registrou 62,3\u00baC na esta\u00e7\u00e3o de Guaratiba, na zona oeste da cidade, \u00e0s 9h55. De acordo com o Centro de Opera\u00e7\u00f5es Rio (COR), da prefeitura da capital, at\u00e9 o momento, esta \u00e9 a maior sensa\u00e7\u00e3o t\u00e9rmica registrada desde o in\u00edcio das medi\u00e7\u00f5es pelo \u00f3rg\u00e3o em 2014. Foi o segundo dia consecutivo de recorde na sensa\u00e7\u00e3o t\u00e9rmica.<img decoding=\"async\" src=\"https:\/\/agenciabrasil.ebc.com.br\/ebc.png?id=1585989&amp;o=node\" \/><img decoding=\"async\" src=\"https:\/\/agenciabrasil.ebc.com.br\/ebc.gif?id=1585989&amp;o=node\" \/><\/p>\n<p>O COR informou ainda que a sensa\u00e7\u00e3o t\u00e9rmica \u201c\u00e9 um \u00edndice de calor calculado a partir dos dados de temperatura e umidade relativa do ar. Quanto maior for a temperatura e a umidade relativa do ar, maior ser\u00e1 a sensa\u00e7\u00e3o t\u00e9rmica na regi\u00e3o\u201d.<\/p>\n<p>Caracter\u00edsticas geogr\u00e1ficas da regi\u00e3o de Guaratiba favorecem a ocorr\u00eancia de temperaturas e umidades relativas do ar elevadas, especialmente pela manh\u00e3. \u201cA\u00a0regi\u00e3o \u00e9 \u00famida por causa\u00a0da proximidade com o oceano e costuma receber influ\u00eancia de ventos quentes de quadrante norte no per\u00edodo da manh\u00e3\u201d, explicou\u00a0o COR.<\/p>\n<p>A temperatura continuar\u00e1 n\u00e3o dando a\u00a0para cariocas e visitantes. Amanh\u00e3 (18), a previs\u00e3o \u00e9 de mais um dia de calor na capital fluminense, com temperaturas m\u00e1ximas em torno\u00a0de\u00a039\u00b0C e sensa\u00e7\u00f5es t\u00e9rmicas acima dos 50\u00b0C. N\u00e3o h\u00e1 expectativa de chuva e o c\u00e9u estar\u00e1 claro a parcialmente nublado.<\/p>\n<h2>Prote\u00e7\u00e3o<\/h2>\n<p>Entre as recomenda\u00e7\u00f5es da Secretaria Municipal de Sa\u00fade para que todos se protejam do calor intenso est\u00e3o a de que se mantenham bastante hidratados, evitem atividades ao ar livre entre as 10h e as 16h, utilizem protetor solar e usem roupas leves.<\/p>\n<p>Veja as maiores sensa\u00e7\u00f5es t\u00e9rmicas da s\u00e9rie hist\u00f3rica do Sistema Alerta Rio (2014 a 2024)<\/p>\n<p>1) 62,3\u00b0C \u00e0s 09h55 de 17\/03\/2024 (Guaratiba)<br \/>\n2) 60,1\u00b0C \u00e0s 10h20 de 16\/03\/2024 (Guaratiba)<br \/>\n3) 59,7\u00b0C \u00e0s 08h05 de 18\/11\/2023 (Guaratiba)<br \/>\n4) 59,5C\u00b0 \u00e0s 11h45 de 17\/01\/2024 (Guaratiba)<br \/>\n5) 59,3\u00b0C \u00e0s 10h20 de 17\/11\/2023 (Guaratiba)<\/p>\n<p>&nbsp;<\/p>\n<p>Fonte: Ag\u00eancia Brasil<\/p>\n","protected":false},"excerpt":{"rendered":"<p>O munic\u00edpio do Rio bateu novo recorde de sensa\u00e7\u00e3o t\u00e9rmica. O Sistema Alerta Rio registrou 62,3\u00baC na esta\u00e7\u00e3o de Guaratiba, na zona oeste da cidade,&#8230;<\/p>\n","protected":false},"author":1527,"featured_media":50405,"comment_status":"closed","ping_status":"closed","sticky":false,"template":"","format":"standard","meta":{"footnotes":""},"categories":[6],"tags":[],"class_list":["post-50404","post","type-post","status-publish","format-standard","has-post-thumbnail","hentry","category-noticias"],"_links":{"self":[{"href":"https:\/\/www.sincomam.org.br\/index.php\/wp-json\/wp\/v2\/posts\/50404","targetHints":{"allow":["GET"]}}],"collection":[{"href":"https:\/\/www.sincomam.org.br\/index.php\/wp-json\/wp\/v2\/posts"}],"about":[{"href":"https:\/\/www.sincomam.org.br\/index.php\/wp-json\/wp\/v2\/types\/post"}],"author":[{"embeddable":true,"href":"https:\/\/www.sincomam.org.br\/index.php\/wp-json\/wp\/v2\/users\/1527"}],"replies":[{"embeddable":true,"href":"https:\/\/www.sincomam.org.br\/index.php\/wp-json\/wp\/v2\/comments?post=50404"}],"version-history":[{"count":1,"href":"https:\/\/www.sincomam.org.br\/index.php\/wp-json\/wp\/v2\/posts\/50404\/revisions"}],"predecessor-version":[{"id":50406,"href":"https:\/\/www.sincomam.org.br\/index.php\/wp-json\/wp\/v2\/posts\/50404\/revisions\/50406"}],"wp:featuredmedia":[{"embeddable":true,"href":"https:\/\/www.sincomam.org.br\/index.php\/wp-json\/wp\/v2\/media\/50405"}],"wp:attachment":[{"href":"https:\/\/www.sincomam.org.br\/index.php\/wp-json\/wp\/v2\/media?parent=50404"}],"wp:term":[{"taxonomy":"category","embeddable":true,"href":"https:\/\/www.sincomam.org.br\/index.php\/wp-json\/wp\/v2\/categories?post=50404"},{"taxonomy":"post_tag","embeddable":true,"href":"https:\/\/www.sincomam.org.br\/index.php\/wp-json\/wp\/v2\/tags?post=50404"}],"curies":[{"name":"wp","href":"https:\/\/api.w.org\/{rel}","templated":true}]}}