{"id":50399,"date":"2024-03-18T07:58:58","date_gmt":"2024-03-18T10:58:58","guid":{"rendered":"http:\/\/www.sincomam.org.br\/?p=50399"},"modified":"2024-03-18T07:58:58","modified_gmt":"2024-03-18T10:58:58","slug":"receita-recebe-22-milhoes-de-declaracoes-do-imposto-de-renda","status":"publish","type":"post","link":"https:\/\/www.sincomam.org.br\/index.php\/receita-recebe-22-milhoes-de-declaracoes-do-imposto-de-renda\/","title":{"rendered":"Receita recebe 2,2 milh\u00f5es de declara\u00e7\u00f5es do Imposto de Renda"},"content":{"rendered":"<p>Parte dos contribuintes aproveitou o fim de semana para acertar as contas com o Le\u00e3o. At\u00e9 as 16h deste domingo (17), a Receita Federal recebeu 2,24 milh\u00f5es de\u00a0declara\u00e7\u00f5es. Isso equivale a 5,23% das 43 milh\u00f5es\u00a0esperadas para este ano.<img decoding=\"async\" src=\"https:\/\/agenciabrasil.ebc.com.br\/ebc.png?id=1585991&amp;o=node\" \/><img decoding=\"async\" src=\"https:\/\/agenciabrasil.ebc.com.br\/ebc.gif?id=1585991&amp;o=node\" \/><\/p>\n<p>O prazo de\u00a0entrega da declara\u00e7\u00e3o\u00a0come\u00e7ou \u00e0s 8h de\u00a0sexta-feira (15) e vai at\u00e9 as 23h59min59s de 31 de maio. O novo intervalo, segundo a Receita, foi necess\u00e1rio para que todos os contribuintes tenham acesso \u00e0 declara\u00e7\u00e3o pr\u00e9-preenchida, que \u00e9 enviada duas semanas ap\u00f3s a entrega dos informes de rendimentos pelos empregadores, pelos planos de sa\u00fade e pelas institui\u00e7\u00f5es financeiras.<\/p>\n<p>Segundo a Receita Federal, 88% das declara\u00e7\u00f5es entregues at\u00e9 agora ter\u00e3o direito a receber restitui\u00e7\u00e3o, enquanto 6,7% ter\u00e3o que pagar Imposto de Renda e 5,3% n\u00e3o t\u00eam imposto a pagar nem a receber. A maioria dos documentos foi preenchida a partir do programa de computador (72,8%), mas 16,6% dos contribuintes recorrem ao preenchimento\u00a0<em>online<\/em>, que deixa o rascunho da declara\u00e7\u00e3o salvo nos computadores do Fisco (nuvem da Receita), e 10,7% declaram pelo aplicativo Meu Imposto de Renda.<\/p>\n<p>Um total de 47,1% dos contribuintes que entregaram o documento \u00e0 Receita Federal usaram a declara\u00e7\u00e3o pr\u00e9-preenchida, por meio da qual o declarante baixa uma vers\u00e3o preliminar do documento, bastando confirmar as informa\u00e7\u00f5es ou retificar os dados. A op\u00e7\u00e3o de desconto simplificado representa 57,4% dos envios.<\/p>\n<h2>Novo prazo<\/h2>\n<p>At\u00e9 2019, o prazo de entrega da declara\u00e7\u00e3o come\u00e7ava no primeiro dia \u00fatil de mar\u00e7o e ia at\u00e9 o \u00faltimo dia \u00fatil de abril. A partir da pandemia de covid-19, a entrega passou a ocorrer entre mar\u00e7o e 31 de maio. Desde 2023, passou a vigorar o prazo mais tardio, com o in\u00edcio do envio em 15 de mar\u00e7o, o que d\u00e1 mais tempo aos contribuintes para prepararem a declara\u00e7\u00e3o desde o fim de fevereiro, quando chegam os informes de rendimentos.<\/p>\n<p>Outro fator que impulsionou o recorde foi a antecipa\u00e7\u00e3o do\u00a0<em>download<\/em>\u00a0do\u00a0<a href=\"http:\/\/https\/\/agenciabrasil.ebc.com.br\/economia\/noticia\/2024-03\/receita-antecipa-liberacao-de-programa-gerador-do-ir-2024\" target=\"_blank\" rel=\"noopener\">programa gerador da declara\u00e7\u00e3o<\/a>. Inicialmente previsto para ser liberado a partir da \u00faltima\u00a0sexta-feira (15), o programa teve a libera\u00e7\u00e3o antecipada para ter\u00e7a-feira passada (12).<\/p>\n<p>Segundo a Receita Federal, a expectativa \u00e9 que sejam recebidas 43 milh\u00f5es de declara\u00e7\u00f5es neste ano, n\u00famero superior ao recorde do ano passado, quando o Fisco recebeu 41.151.515 documentos. Quem enviar a declara\u00e7\u00e3o depois do prazo pagar\u00e1 multa de R$ 165,74 ou 20% do imposto devido, prevalecendo o maior valor.<\/p>\n<h2>Novidades<\/h2>\n<p>Neste ano, a declara\u00e7\u00e3o ter\u00e1 algumas mudan\u00e7as, das quais a principal \u00e9 o aumento do limite de rendimentos que obriga o envio do documento por causa da mudan\u00e7a na faixa de isen\u00e7\u00e3o. O limite de rendimentos tribut\u00e1veis que obriga o contribuinte a declarar subiu de R$ 28.559,70 para R$ 30.639,90.<\/p>\n<p>Em maio do ano passado, o governo elevou a\u00a0faixa de isen\u00e7\u00e3o\u00a0para R$ 2.640, o equivalente a dois sal\u00e1rios m\u00ednimos na \u00e9poca. A mudan\u00e7a n\u00e3o corrigiu as demais faixas da tabela, apenas elevou o limite at\u00e9 o qual o contribuinte \u00e9 isento.<\/p>\n<p>Mesmo com as faixas superiores da tabela n\u00e3o sendo corrigidas, a mudan\u00e7a ocasionou uma sequ\u00eancia de efeitos em cascata que se refletir\u00e3o sobre a obrigatoriedade da declara\u00e7\u00e3o e os valores de dedu\u00e7\u00e3o. Al\u00e9m disso, a<a href=\"https:\/\/www.in.gov.br\/en\/web\/dou\/-\/lei-n-14.663-de-28-de-agosto-de-2023-506043952\" target=\"_blank\" rel=\"noopener\">\u00a0Lei 14.663\/2023<\/a>\u00a0elevou o limite de rendimentos isentos e n\u00e3o tribut\u00e1veis e de patrim\u00f4nio m\u00ednimo para declarar Imposto de Renda.<\/p>\n<div class=\"dnd-widget-wrapper context-cheio_8colunas type-image\">\n<div class=\"dnd-atom-rendered\">\n<div class=\"shadow overflow-hidden rounded-lg d-block w-100\"><img decoding=\"async\" class=\"flex-fill img-cover\" title=\"Arte\/Ag\u00eancia Brasil\" src=\"https:\/\/imagens.ebc.com.br\/8xLSSeYL4jAivsReWj2BZ9jRXRk=\/754x0\/smart\/https:\/\/agenciabrasil.ebc.com.br\/sites\/default\/files\/thumbnails\/image\/2024\/03\/07\/irpf-2024-v1.png?itok=DIYAEdK-\" alt=\"arte imposto de renda 2024\" \/><\/div>\n<\/div>\n<\/div>\n<div><\/div>\n<div>Fonte: Ag\u00eancia Brasil<\/div>\n<div><\/div>\n<p>&nbsp;<\/p>\n","protected":false},"excerpt":{"rendered":"<p>Parte dos contribuintes aproveitou o fim de semana para acertar as contas com o Le\u00e3o. At\u00e9 as 16h deste domingo (17), a Receita Federal recebeu&#8230;<\/p>\n","protected":false},"author":1527,"featured_media":50402,"comment_status":"closed","ping_status":"closed","sticky":false,"template":"","format":"standard","meta":{"footnotes":""},"categories":[6],"tags":[],"class_list":["post-50399","post","type-post","status-publish","format-standard","has-post-thumbnail","hentry","category-noticias"],"_links":{"self":[{"href":"https:\/\/www.sincomam.org.br\/index.php\/wp-json\/wp\/v2\/posts\/50399","targetHints":{"allow":["GET"]}}],"collection":[{"href":"https:\/\/www.sincomam.org.br\/index.php\/wp-json\/wp\/v2\/posts"}],"about":[{"href":"https:\/\/www.sincomam.org.br\/index.php\/wp-json\/wp\/v2\/types\/post"}],"author":[{"embeddable":true,"href":"https:\/\/www.sincomam.org.br\/index.php\/wp-json\/wp\/v2\/users\/1527"}],"replies":[{"embeddable":true,"href":"https:\/\/www.sincomam.org.br\/index.php\/wp-json\/wp\/v2\/comments?post=50399"}],"version-history":[{"count":1,"href":"https:\/\/www.sincomam.org.br\/index.php\/wp-json\/wp\/v2\/posts\/50399\/revisions"}],"predecessor-version":[{"id":50403,"href":"https:\/\/www.sincomam.org.br\/index.php\/wp-json\/wp\/v2\/posts\/50399\/revisions\/50403"}],"wp:featuredmedia":[{"embeddable":true,"href":"https:\/\/www.sincomam.org.br\/index.php\/wp-json\/wp\/v2\/media\/50402"}],"wp:attachment":[{"href":"https:\/\/www.sincomam.org.br\/index.php\/wp-json\/wp\/v2\/media?parent=50399"}],"wp:term":[{"taxonomy":"category","embeddable":true,"href":"https:\/\/www.sincomam.org.br\/index.php\/wp-json\/wp\/v2\/categories?post=50399"},{"taxonomy":"post_tag","embeddable":true,"href":"https:\/\/www.sincomam.org.br\/index.php\/wp-json\/wp\/v2\/tags?post=50399"}],"curies":[{"name":"wp","href":"https:\/\/api.w.org\/{rel}","templated":true}]}}