{"id":50396,"date":"2024-03-18T07:51:05","date_gmt":"2024-03-18T10:51:05","guid":{"rendered":"http:\/\/www.sincomam.org.br\/?p=50396"},"modified":"2024-03-18T07:51:05","modified_gmt":"2024-03-18T10:51:05","slug":"seguranca-e-sustentabilidade-em-alto-mar","status":"publish","type":"post","link":"https:\/\/www.sincomam.org.br\/index.php\/seguranca-e-sustentabilidade-em-alto-mar\/","title":{"rendered":"Seguran\u00e7a e Sustentabilidade em Alto-Mar"},"content":{"rendered":"<p>Desde a sua funda\u00e7\u00e3o em 17 de mar\u00e7o de 1948, a Organiza\u00e7\u00e3o Mar\u00edtima Internacional (IMO), uma ag\u00eancia especializada das Na\u00e7\u00f5es Unidas, tem sido um basti\u00e3o para a seguran\u00e7a e a sustentabilidade do transporte mar\u00edtimo global. Ao celebrarmos o 76\u00ba anivers\u00e1rio desta institui\u00e7\u00e3o vital, \u00e9 importante destacar o seu papel inestim\u00e1vel na promo\u00e7\u00e3o de uma navega\u00e7\u00e3o segura, eficiente e ambientalmente respons\u00e1vel pelos mares e oceanos do mundo.<\/p>\n<p><strong>Brasil e a IMO: Uma Parceria pela Seguran\u00e7a e Sustentabilidade Mar\u00edtimas<\/strong><\/p>\n<p>O Brasil, membro ativo da IMO desde 1963, tem uma longa hist\u00f3ria de engajamento e coopera\u00e7\u00e3o com a organiza\u00e7\u00e3o. Ao ratificar conven\u00e7\u00f5es-chave como a SOLAS (Conven\u00e7\u00e3o Internacional para a Salvaguarda da Vida Humana no Mar), o pa\u00eds refor\u00e7a seu compromisso com a seguran\u00e7a mar\u00edtima e a prote\u00e7\u00e3o ambiental, alinhando-se aos objetivos de desenvolvimento sustent\u00e1vel da ONU. Esta parceria reflete o compromisso do Brasil com a governan\u00e7a internacional dos mares, enfatizando a import\u00e2ncia de uma colabora\u00e7\u00e3o global para enfrentar os desafios contempor\u00e2neos do transporte mar\u00edtimo.<\/p>\n<p><strong>Desafios e Solu\u00e7\u00f5es no Horizonte Mar\u00edtimo<\/strong><\/p>\n<p>A IMO desempenha um papel crucial na defini\u00e7\u00e3o de padr\u00f5es globais para o transporte mar\u00edtimo, garantindo n\u00e3o apenas a seguran\u00e7a dos navios mas tamb\u00e9m a preserva\u00e7\u00e3o do meio ambiente marinho e atmosf\u00e9rico. Atrav\u00e9s da implementa\u00e7\u00e3o justa e efetiva de seus regulamentos, a IMO apoia a transi\u00e7\u00e3o para pr\u00e1ticas de navega\u00e7\u00e3o mais verdes, enfrentando desafios como a polui\u00e7\u00e3o marinha e as emiss\u00f5es de gases de efeito estufa dos navios. O trabalho da organiza\u00e7\u00e3o em promover tecnologias limpas e combust\u00edveis alternativos \u00e9 fundamental para alcan\u00e7ar um futuro onde o transporte mar\u00edtimo possa prosperar sem comprometer a sa\u00fade do nosso planeta.<\/p>\n<p><strong>Rumo a um Futuro Sustent\u00e1vel<\/strong><\/p>\n<p>Ao olharmos para o futuro, a miss\u00e3o da IMO de promover um transporte mar\u00edtimo seguro, eficiente e ambientalmente sustent\u00e1vel nunca foi t\u00e3o relevante. A celebra\u00e7\u00e3o do seu 76\u00ba anivers\u00e1rio \u00e9 um lembrete do progresso j\u00e1 alcan\u00e7ado e do trabalho que ainda est\u00e1 por vir. Para o Brasil e para a comunidade internacional, a colabora\u00e7\u00e3o cont\u00ednua com a IMO \u00e9 essencial para garantir que a navega\u00e7\u00e3o mundial se mova em dire\u00e7\u00e3o a um horizonte mais seguro e verde, em benef\u00edcio das gera\u00e7\u00f5es atuais e futuras.<\/p>\n<div class=\"td-g-rec td-g-rec-id-content_bottom tdi_4 td_block_template_11\"><\/div>\n<div>Fonte: Defesa em Foco<\/div>\n","protected":false},"excerpt":{"rendered":"<p>Desde a sua funda\u00e7\u00e3o em 17 de mar\u00e7o de 1948, a Organiza\u00e7\u00e3o Mar\u00edtima Internacional (IMO), uma ag\u00eancia especializada das Na\u00e7\u00f5es Unidas, tem sido um basti\u00e3o&#8230;<\/p>\n","protected":false},"author":1527,"featured_media":50397,"comment_status":"closed","ping_status":"closed","sticky":false,"template":"","format":"standard","meta":{"footnotes":""},"categories":[6],"tags":[],"class_list":["post-50396","post","type-post","status-publish","format-standard","has-post-thumbnail","hentry","category-noticias"],"_links":{"self":[{"href":"https:\/\/www.sincomam.org.br\/index.php\/wp-json\/wp\/v2\/posts\/50396","targetHints":{"allow":["GET"]}}],"collection":[{"href":"https:\/\/www.sincomam.org.br\/index.php\/wp-json\/wp\/v2\/posts"}],"about":[{"href":"https:\/\/www.sincomam.org.br\/index.php\/wp-json\/wp\/v2\/types\/post"}],"author":[{"embeddable":true,"href":"https:\/\/www.sincomam.org.br\/index.php\/wp-json\/wp\/v2\/users\/1527"}],"replies":[{"embeddable":true,"href":"https:\/\/www.sincomam.org.br\/index.php\/wp-json\/wp\/v2\/comments?post=50396"}],"version-history":[{"count":1,"href":"https:\/\/www.sincomam.org.br\/index.php\/wp-json\/wp\/v2\/posts\/50396\/revisions"}],"predecessor-version":[{"id":50398,"href":"https:\/\/www.sincomam.org.br\/index.php\/wp-json\/wp\/v2\/posts\/50396\/revisions\/50398"}],"wp:featuredmedia":[{"embeddable":true,"href":"https:\/\/www.sincomam.org.br\/index.php\/wp-json\/wp\/v2\/media\/50397"}],"wp:attachment":[{"href":"https:\/\/www.sincomam.org.br\/index.php\/wp-json\/wp\/v2\/media?parent=50396"}],"wp:term":[{"taxonomy":"category","embeddable":true,"href":"https:\/\/www.sincomam.org.br\/index.php\/wp-json\/wp\/v2\/categories?post=50396"},{"taxonomy":"post_tag","embeddable":true,"href":"https:\/\/www.sincomam.org.br\/index.php\/wp-json\/wp\/v2\/tags?post=50396"}],"curies":[{"name":"wp","href":"https:\/\/api.w.org\/{rel}","templated":true}]}}