{"id":50393,"date":"2024-03-18T07:48:59","date_gmt":"2024-03-18T10:48:59","guid":{"rendered":"http:\/\/www.sincomam.org.br\/?p=50393"},"modified":"2024-03-18T07:48:59","modified_gmt":"2024-03-18T10:48:59","slug":"visita-do-navio-veleiro-cisne-branco-a-maceio-desperta-fascinio-maritimo-em-jovens","status":"publish","type":"post","link":"https:\/\/www.sincomam.org.br\/index.php\/visita-do-navio-veleiro-cisne-branco-a-maceio-desperta-fascinio-maritimo-em-jovens\/","title":{"rendered":"Visita do Navio Veleiro \u2018Cisne Branco\u2019 a Macei\u00f3 Desperta Fasc\u00ednio Mar\u00edtimo em Jovens"},"content":{"rendered":"<p>A chegada do navio-veleiro\u00a0\u201cCisne Branco\u201d\u00a0ao Porto de Macei\u00f3, no bairro Jaragu\u00e1, transcendeu a expectativa de ser um mero evento de exibi\u00e7\u00e3o. Este \u00edcone da Marinha do Brasil n\u00e3o s\u00f3 demonstrou sua imponente beleza e valor hist\u00f3rico mas tamb\u00e9m agiu como um catalisador para o despertar de um fasc\u00ednio pela vida mar\u00edtima, especialmente entre crian\u00e7as e adolescentes. A possibilidade de vislumbrar de perto as opera\u00e7\u00f5es e a eleg\u00e2ncia deste majestoso veleiro abriu novos horizontes para a juventude local, provocando um interesse genu\u00edno pelas carreiras navais e pelo vasto azul que define nosso litoral.<\/p>\n<p><strong>Um Recorde de Visita\u00e7\u00f5es<\/strong><\/p>\n<p>Durante o final de semana em que o\u00a0\u201cCisne Branco\u201d\u00a0esteve aberto ao p\u00fablico, a Capitania dos Portos de Alagoas (CPAL) testemunhou um fen\u00f4meno sem precedentes: mais de 10.000 visitantes cruzaram as passarelas do veleiro, estabelecendo um novo recorde de participa\u00e7\u00e3o comunit\u00e1ria. Esse n\u00famero impressionante n\u00e3o apenas reflete o orgulho e o interesse crescente da popula\u00e7\u00e3o de Macei\u00f3 pela Marinha e seus navios mas tamb\u00e9m sugere uma conex\u00e3o mais profunda e respeitosa com o mar, elemento t\u00e3o intr\u00ednseco \u00e0 nossa cultura e defesa nacional.<\/p>\n<p><strong>Inspira\u00e7\u00e3o para a Juventude<\/strong><\/p>\n<p>O entusiasmo com que o p\u00fablico mais jovem explorou o\u00a0\u201cCisne Branco\u201d\u00a0foi um espet\u00e1culo \u00e0 parte. O brilho nos olhos das crian\u00e7as e adolescentes, enquanto caminhavam pelo conv\u00e9s e interagiam com os marinheiros, revelou um potencial incr\u00edvel para o futuro. Este contato direto com a realidade da vida marinha e a oportunidade de se verem como parte dessa hist\u00f3ria vital s\u00e3o fundamentais para inspirar a pr\u00f3xima gera\u00e7\u00e3o de marinheiros, que um dia contribuir\u00e3o com suas pr\u00f3prias hist\u00f3rias e esfor\u00e7os para a seguran\u00e7a e o desenvolvimento do Brasil.<\/p>\n<p><strong>O Papel do \u201cCisne Branco\u201d na Diplomacia e Educa\u00e7\u00e3o<\/strong><\/p>\n<p>Constru\u00eddo para comemorar os 500 anos do descobrimento do Brasil, o\u00a0\u201cCisne Branco\u201d\u00a0carrega em suas velas n\u00e3o apenas a hist\u00f3ria, mas tamb\u00e9m uma miss\u00e3o de diplomacia e rela\u00e7\u00f5es p\u00fablicas. Sua participa\u00e7\u00e3o em eventos n\u00e1uticos ao redor do mundo n\u00e3o \u00e9 somente uma representa\u00e7\u00e3o do Brasil no cen\u00e1rio internacional; \u00e9 tamb\u00e9m uma afirma\u00e7\u00e3o de nossos valores, for\u00e7a e dignidade. A passagem deste veleiro por Macei\u00f3 reafirma o orgulho nacional e fortalece a consci\u00eancia sobre a import\u00e2ncia estrat\u00e9gica da Marinha, ressaltando o papel vital que o mar desempenha em nossa identidade e sobreviv\u00eancia como na\u00e7\u00e3o.<\/p>\n<p>Fonte: Defesa em Foco<\/p>\n","protected":false},"excerpt":{"rendered":"<p>A chegada do navio-veleiro\u00a0\u201cCisne Branco\u201d\u00a0ao Porto de Macei\u00f3, no bairro Jaragu\u00e1, transcendeu a expectativa de ser um mero evento de exibi\u00e7\u00e3o. Este \u00edcone da Marinha&#8230;<\/p>\n","protected":false},"author":1527,"featured_media":50394,"comment_status":"closed","ping_status":"closed","sticky":false,"template":"","format":"standard","meta":{"footnotes":""},"categories":[6],"tags":[],"class_list":["post-50393","post","type-post","status-publish","format-standard","has-post-thumbnail","hentry","category-noticias"],"_links":{"self":[{"href":"https:\/\/www.sincomam.org.br\/index.php\/wp-json\/wp\/v2\/posts\/50393","targetHints":{"allow":["GET"]}}],"collection":[{"href":"https:\/\/www.sincomam.org.br\/index.php\/wp-json\/wp\/v2\/posts"}],"about":[{"href":"https:\/\/www.sincomam.org.br\/index.php\/wp-json\/wp\/v2\/types\/post"}],"author":[{"embeddable":true,"href":"https:\/\/www.sincomam.org.br\/index.php\/wp-json\/wp\/v2\/users\/1527"}],"replies":[{"embeddable":true,"href":"https:\/\/www.sincomam.org.br\/index.php\/wp-json\/wp\/v2\/comments?post=50393"}],"version-history":[{"count":1,"href":"https:\/\/www.sincomam.org.br\/index.php\/wp-json\/wp\/v2\/posts\/50393\/revisions"}],"predecessor-version":[{"id":50395,"href":"https:\/\/www.sincomam.org.br\/index.php\/wp-json\/wp\/v2\/posts\/50393\/revisions\/50395"}],"wp:featuredmedia":[{"embeddable":true,"href":"https:\/\/www.sincomam.org.br\/index.php\/wp-json\/wp\/v2\/media\/50394"}],"wp:attachment":[{"href":"https:\/\/www.sincomam.org.br\/index.php\/wp-json\/wp\/v2\/media?parent=50393"}],"wp:term":[{"taxonomy":"category","embeddable":true,"href":"https:\/\/www.sincomam.org.br\/index.php\/wp-json\/wp\/v2\/categories?post=50393"},{"taxonomy":"post_tag","embeddable":true,"href":"https:\/\/www.sincomam.org.br\/index.php\/wp-json\/wp\/v2\/tags?post=50393"}],"curies":[{"name":"wp","href":"https:\/\/api.w.org\/{rel}","templated":true}]}}