{"id":50390,"date":"2024-03-18T07:47:06","date_gmt":"2024-03-18T10:47:06","guid":{"rendered":"http:\/\/www.sincomam.org.br\/?p=50390"},"modified":"2024-03-18T07:47:06","modified_gmt":"2024-03-18T10:47:06","slug":"entorno-do-porto-de-maceio-sera-revitalizado-para-impulsionar-turismo","status":"publish","type":"post","link":"https:\/\/www.sincomam.org.br\/index.php\/entorno-do-porto-de-maceio-sera-revitalizado-para-impulsionar-turismo\/","title":{"rendered":"Entorno do Porto de Macei\u00f3 ser\u00e1 revitalizado para impulsionar turismo"},"content":{"rendered":"<p>Na sexta-feira (15), o ministro de Portos e Aeroportos, Silvio Costa Filho, participou da cerim\u00f4nia de assinatura do termo de cess\u00e3o n\u00e3o-onerosa do entorno do Porto de Macei\u00f3 e da Ordem de Servi\u00e7o para in\u00edcio das obras de urbaniza\u00e7\u00e3o. Tamb\u00e9m foram assinados, durante a cerim\u00f4nia, o Plano de Desenvolvimento e Zoneamento do Porto Organizado de Macei\u00f3 e o contrato de arrendamento das \u00e1reas MAC 11 e MAC11A do porto.<\/p>\n<p>Com investimento municipal de R$ 10 milh\u00f5es, a requalifica\u00e7\u00e3o prev\u00ea cal\u00e7ad\u00e3o, ciclovia, equipamentos de gin\u00e1stica, deck para paisagismo, mobili\u00e1rio de playground em madeira, pista de cooper, e vegeta\u00e7\u00e3o gram\u00edneas e arb\u00f3reas, de m\u00e9dio e grande portes.<\/p>\n<p>A requalifica\u00e7\u00e3o \u00e9 importante para aumentar a circula\u00e7\u00e3o de passageiros dos navios de cruzeiro. No ano passado, quase 84 mil pessoas transitaram na \u00e1rea. A \u00e1rea total constru\u00edda ser\u00e1 de mais de 24 mil m\u00b2. A ind\u00fastria do Turismo responde atualmente por cerca de 20% de toda a movimenta\u00e7\u00e3o financeira de Macei\u00f3.<\/p>\n<p>O ministro de Portos e Aeroportos, Silvio Costa Filho, destacou que com os novos investimentos, o local estar\u00e1 apto para receber mais turistas e trazer mais qualidade de vida \u00e0 popula\u00e7\u00e3o.&#8221;Uma vis\u00e3o estrat\u00e9gica para fortalecer o turismo e o porto fazer parte dessa integra\u00e7\u00e3o com a parte de lazer da cidade&#8221;. Al\u00e9m disso, n\u00f3s estamos hoje anunciando a autonomia do porto&#8221;, disse.<\/p>\n<p>&nbsp;<\/p>\n<p>Fonte: Portos e Navios<\/p>\n","protected":false},"excerpt":{"rendered":"<p>Na sexta-feira (15), o ministro de Portos e Aeroportos, Silvio Costa Filho, participou da cerim\u00f4nia de assinatura do termo de cess\u00e3o n\u00e3o-onerosa do entorno do&#8230;<\/p>\n","protected":false},"author":1527,"featured_media":50391,"comment_status":"closed","ping_status":"closed","sticky":false,"template":"","format":"standard","meta":{"footnotes":""},"categories":[6],"tags":[],"class_list":["post-50390","post","type-post","status-publish","format-standard","has-post-thumbnail","hentry","category-noticias"],"_links":{"self":[{"href":"https:\/\/www.sincomam.org.br\/index.php\/wp-json\/wp\/v2\/posts\/50390","targetHints":{"allow":["GET"]}}],"collection":[{"href":"https:\/\/www.sincomam.org.br\/index.php\/wp-json\/wp\/v2\/posts"}],"about":[{"href":"https:\/\/www.sincomam.org.br\/index.php\/wp-json\/wp\/v2\/types\/post"}],"author":[{"embeddable":true,"href":"https:\/\/www.sincomam.org.br\/index.php\/wp-json\/wp\/v2\/users\/1527"}],"replies":[{"embeddable":true,"href":"https:\/\/www.sincomam.org.br\/index.php\/wp-json\/wp\/v2\/comments?post=50390"}],"version-history":[{"count":1,"href":"https:\/\/www.sincomam.org.br\/index.php\/wp-json\/wp\/v2\/posts\/50390\/revisions"}],"predecessor-version":[{"id":50392,"href":"https:\/\/www.sincomam.org.br\/index.php\/wp-json\/wp\/v2\/posts\/50390\/revisions\/50392"}],"wp:featuredmedia":[{"embeddable":true,"href":"https:\/\/www.sincomam.org.br\/index.php\/wp-json\/wp\/v2\/media\/50391"}],"wp:attachment":[{"href":"https:\/\/www.sincomam.org.br\/index.php\/wp-json\/wp\/v2\/media?parent=50390"}],"wp:term":[{"taxonomy":"category","embeddable":true,"href":"https:\/\/www.sincomam.org.br\/index.php\/wp-json\/wp\/v2\/categories?post=50390"},{"taxonomy":"post_tag","embeddable":true,"href":"https:\/\/www.sincomam.org.br\/index.php\/wp-json\/wp\/v2\/tags?post=50390"}],"curies":[{"name":"wp","href":"https:\/\/api.w.org\/{rel}","templated":true}]}}