{"id":50376,"date":"2024-03-15T07:53:23","date_gmt":"2024-03-15T10:53:23","guid":{"rendered":"http:\/\/www.sincomam.org.br\/?p=50376"},"modified":"2024-03-15T07:53:23","modified_gmt":"2024-03-15T10:53:23","slug":"porto-de-itajai-podera-receber-novo-operador-portuario","status":"publish","type":"post","link":"https:\/\/www.sincomam.org.br\/index.php\/porto-de-itajai-podera-receber-novo-operador-portuario\/","title":{"rendered":"Porto de Itaja\u00ed poder\u00e1 receber novo operador portu\u00e1rio"},"content":{"rendered":"<p>O Grupo ZPORT pretende se tornar operador portu\u00e1rio no Porto de Itaja\u00ed em sua \u00e1rea p\u00fablica (Area B \u2013 ber\u00e7os 03 e 04). Especializada em opera\u00e7\u00f5es portu\u00e1rias, a ZPORT atua no mercado assessorando seus clientes na contrata\u00e7\u00e3o do sistema de log\u00edstica integrada para movimenta\u00e7\u00e3o de mercadorias no cen\u00e1rio nacional, de importa\u00e7\u00e3o e exporta\u00e7\u00e3o com cargas geral (a\u00e7\u00facar e fertilizantes), granel de importa\u00e7\u00e3o e granel de exporta\u00e7\u00e3o.<\/p>\n<p>De acordo com Danilo Rog\u00e9rio Rosa, gerente de Opera\u00e7\u00f5es no ZPORT, desde 2016, a empresa vem buscando alternativas para movimentar cargas de exporta\u00e7\u00e3o pelo terminal de Itaja\u00ed.<\/p>\n<p>\u201cSempre tivemos a inten\u00e7\u00e3o de realizar movimenta\u00e7\u00e3o de cargas aqui pelo Porto de Itaja\u00ed. Vimos que o momento \u00e9 muito mais que oportuno, o projeto andou, e, t\u00e3o logo, pode tornar-se realidade operar com cargas geral. Inicialmente pretendemos operar com cargas de exporta\u00e7\u00e3o de a\u00e7\u00facar, na modelagem \u201cbreakbulk\u201d (carga solta), depois partindo para outros tipos de cargas. Nossa parte da documenta\u00e7\u00e3o j\u00e1 foi toda entregue para a superintend\u00eancia [do porto]. Agora, apenas estamos aguardando a an\u00e1lise da autoridade portu\u00e1ria para nos credenciarmos como operador portu\u00e1rio aqui no Porto de Itaja\u00ed\u201d, disse.<\/p>\n<p>A ZPORT tem 13 anos e est\u00e1 situada em S\u00e3o Francisco do Sul (SC), onde atua como operador portu\u00e1rio no porto local e nos portos de Imbituba e Itapo\u00e1.<\/p>\n<p>&nbsp;<\/p>\n<p>Fonte: Portos e Navios<\/p>\n","protected":false},"excerpt":{"rendered":"<p>O Grupo ZPORT pretende se tornar operador portu\u00e1rio no Porto de Itaja\u00ed em sua \u00e1rea p\u00fablica (Area B \u2013 ber\u00e7os 03 e 04). Especializada em&#8230;<\/p>\n","protected":false},"author":1527,"featured_media":50377,"comment_status":"closed","ping_status":"closed","sticky":false,"template":"","format":"standard","meta":{"footnotes":""},"categories":[6],"tags":[],"class_list":["post-50376","post","type-post","status-publish","format-standard","has-post-thumbnail","hentry","category-noticias"],"_links":{"self":[{"href":"https:\/\/www.sincomam.org.br\/index.php\/wp-json\/wp\/v2\/posts\/50376","targetHints":{"allow":["GET"]}}],"collection":[{"href":"https:\/\/www.sincomam.org.br\/index.php\/wp-json\/wp\/v2\/posts"}],"about":[{"href":"https:\/\/www.sincomam.org.br\/index.php\/wp-json\/wp\/v2\/types\/post"}],"author":[{"embeddable":true,"href":"https:\/\/www.sincomam.org.br\/index.php\/wp-json\/wp\/v2\/users\/1527"}],"replies":[{"embeddable":true,"href":"https:\/\/www.sincomam.org.br\/index.php\/wp-json\/wp\/v2\/comments?post=50376"}],"version-history":[{"count":1,"href":"https:\/\/www.sincomam.org.br\/index.php\/wp-json\/wp\/v2\/posts\/50376\/revisions"}],"predecessor-version":[{"id":50378,"href":"https:\/\/www.sincomam.org.br\/index.php\/wp-json\/wp\/v2\/posts\/50376\/revisions\/50378"}],"wp:featuredmedia":[{"embeddable":true,"href":"https:\/\/www.sincomam.org.br\/index.php\/wp-json\/wp\/v2\/media\/50377"}],"wp:attachment":[{"href":"https:\/\/www.sincomam.org.br\/index.php\/wp-json\/wp\/v2\/media?parent=50376"}],"wp:term":[{"taxonomy":"category","embeddable":true,"href":"https:\/\/www.sincomam.org.br\/index.php\/wp-json\/wp\/v2\/categories?post=50376"},{"taxonomy":"post_tag","embeddable":true,"href":"https:\/\/www.sincomam.org.br\/index.php\/wp-json\/wp\/v2\/tags?post=50376"}],"curies":[{"name":"wp","href":"https:\/\/api.w.org\/{rel}","templated":true}]}}