{"id":50367,"date":"2024-03-15T07:46:06","date_gmt":"2024-03-15T10:46:06","guid":{"rendered":"http:\/\/www.sincomam.org.br\/?p=50367"},"modified":"2024-03-15T07:46:06","modified_gmt":"2024-03-15T10:46:06","slug":"amigos-da-marinha-e-a-aproximacao-civil-militar","status":"publish","type":"post","link":"https:\/\/www.sincomam.org.br\/index.php\/amigos-da-marinha-e-a-aproximacao-civil-militar\/","title":{"rendered":"Amigos da Marinha e a aproxima\u00e7\u00e3o civil-militar"},"content":{"rendered":"<p>Em um momento hist\u00f3rico para a\u00a0integra\u00e7\u00e3o civil-militar\u00a0no Brasil, representantes da Sociedade Amigos da Marinha (SOAMAR) do Nordeste marcaram presen\u00e7a a bordo do\u00a0Navio-Aer\u00f3dromo Multiprop\u00f3sito (NAM) \u201cAtl\u00e2ntico\u201d, o maior navio da Esquadra brasileira. Esta iniciativa, al\u00e9m de fortalecer os v\u00ednculos entre a sociedade civil e as For\u00e7as Armadas, lan\u00e7a luz sobre a import\u00e2ncia estrat\u00e9gica do Poder Naval no contexto das\u00a0disputas globais\u00a0e da\u00a0Defesa Nacional.<\/p>\n<p><strong>Uma parceria emblem\u00e1tica entre civis e militares<\/strong><\/p>\n<p>O encontro entre os Soamarinos e a tripula\u00e7\u00e3o do NAM \u201cAtl\u00e2ntico\u201d no Porto de Recife, culminando com a primeira atraca\u00e7\u00e3o do navio em Cabedelo (PB), n\u00e3o \u00e9 apenas um evento simb\u00f3lico. Representa, na verdade, a materializa\u00e7\u00e3o da parceria entre a Marinha do Brasil e a sociedade civil, evidenciando o papel crucial da mentalidade mar\u00edtima na consolida\u00e7\u00e3o da\u00a0soberania nacional. A presen\u00e7a dos representantes da SOAMAR, oriundos de diversos estados do Nordeste, reflete o engajamento e o orgulho civil em contribuir para o fortalecimento das rela\u00e7\u00f5es com as For\u00e7as Armadas, promovendo uma maior compreens\u00e3o e apoio \u00e0s atividades militares.<\/p>\n<p><strong>O NAM \u201cAtl\u00e2ntico\u201d como vetor de defesa e desenvolvimento<\/strong><\/p>\n<div class=\"google-auto-placed ap_container\">\n<p>O Vice-Presidente da SOAMAR-Brasil, Jorge Eduardo Pessoa de Arag\u00e3o, destaca a relev\u00e2ncia do NAM \u201cAtl\u00e2ntico\u201d para a Defesa Nacional, especialmente em um cen\u00e1rio de intensifica\u00e7\u00e3o das disputas internacionais. A embarca\u00e7\u00e3o, al\u00e9m de ser um s\u00edmbolo do poderio naval brasileiro, desempenha um papel fundamental no aprimoramento da capacidade operacional da Marinha, alinhando-se \u00e0s necessidades de um\u00a0Poder Naval cr\u00edvel e eficaz. Neste contexto, a\u00a0PEC 55\/23, conhecida como a \u201cPEC da Defesa\u201d, \u00e9 apontada como uma iniciativa estrat\u00e9gica para assegurar recursos or\u00e7ament\u00e1rios est\u00e1veis para investimentos no setor, essenciais para a manuten\u00e7\u00e3o e expans\u00e3o das capacidades defensivas do pa\u00eds.<\/p>\n<p><strong>Impacto regional e import\u00e2ncia estrat\u00e9gica<\/strong><\/p>\n<p>A chegada do NAM \u201cAtl\u00e2ntico\u201d a Cabedelo n\u00e3o apenas refor\u00e7a a import\u00e2ncia estrat\u00e9gica do Porto para a regi\u00e3o, mas tamb\u00e9m simboliza o compromisso da Marinha com o desenvolvimento local e a integra\u00e7\u00e3o regional. Segundo Marcos Souto Maior Filho, presidente da SOAMAR no estado da Para\u00edba, esse evento representa um marco significativo, abrindo caminho para futuras opera\u00e7\u00f5es e facilitando a chegada de outras embarca\u00e7\u00f5es.<\/p>\n<p><strong>SOAMAR: Uma ponte entre a Marinha e a sociedade<\/strong><\/p>\n<p>Fundada em 1979 pelo Almirante de Esquadra Maximiano Eduardo da Silva Fonseca, a SOAMAR desempenha um papel fundamental na aproxima\u00e7\u00e3o entre a Marinha e a sociedade civil. Com presen\u00e7a em mais de 54 cidades brasileiras e uma sede internacional em Portugal, a organiza\u00e7\u00e3o fomenta o desenvolvimento e a integra\u00e7\u00e3o das For\u00e7as Armadas junto \u00e0 popula\u00e7\u00e3o, promovendo uma maior compreens\u00e3o e apoio \u00e0s atividades militares e \u00e0 import\u00e2ncia estrat\u00e9gica do mar para o Brasil.<\/p>\n<p><strong>PEC da Defesa: Um marco legislativo para a seguran\u00e7a nacional<\/strong><\/p>\n<p>A tramita\u00e7\u00e3o da PEC 55\/23, sob a autoria do Senador Carlos Portinho, na Comiss\u00e3o de Constitui\u00e7\u00e3o de Justi\u00e7a (CCJ) do Senado, \u00e9 um passo crucial para o fortalecimento da Defesa Nacional. A proposi\u00e7\u00e3o busca assegurar um fluxo or\u00e7ament\u00e1rio est\u00e1vel e previs\u00edvel para os investimentos no setor, uma medida essencial para a manuten\u00e7\u00e3o da soberania e o desenvolvimento sustent\u00e1vel do pa\u00eds.<\/p>\n<\/div>\n<div class=\"td-g-rec td-g-rec-id-content_bottom tdi_4 td_block_template_11\">Fonte: Defesa em Foco<\/div>\n","protected":false},"excerpt":{"rendered":"<p>Em um momento hist\u00f3rico para a\u00a0integra\u00e7\u00e3o civil-militar\u00a0no Brasil, representantes da Sociedade Amigos da Marinha (SOAMAR) do Nordeste marcaram presen\u00e7a a bordo do\u00a0Navio-Aer\u00f3dromo Multiprop\u00f3sito (NAM) \u201cAtl\u00e2ntico\u201d,&#8230;<\/p>\n","protected":false},"author":1527,"featured_media":50368,"comment_status":"closed","ping_status":"closed","sticky":false,"template":"","format":"standard","meta":{"footnotes":""},"categories":[6],"tags":[],"class_list":["post-50367","post","type-post","status-publish","format-standard","has-post-thumbnail","hentry","category-noticias"],"_links":{"self":[{"href":"https:\/\/www.sincomam.org.br\/index.php\/wp-json\/wp\/v2\/posts\/50367","targetHints":{"allow":["GET"]}}],"collection":[{"href":"https:\/\/www.sincomam.org.br\/index.php\/wp-json\/wp\/v2\/posts"}],"about":[{"href":"https:\/\/www.sincomam.org.br\/index.php\/wp-json\/wp\/v2\/types\/post"}],"author":[{"embeddable":true,"href":"https:\/\/www.sincomam.org.br\/index.php\/wp-json\/wp\/v2\/users\/1527"}],"replies":[{"embeddable":true,"href":"https:\/\/www.sincomam.org.br\/index.php\/wp-json\/wp\/v2\/comments?post=50367"}],"version-history":[{"count":1,"href":"https:\/\/www.sincomam.org.br\/index.php\/wp-json\/wp\/v2\/posts\/50367\/revisions"}],"predecessor-version":[{"id":50369,"href":"https:\/\/www.sincomam.org.br\/index.php\/wp-json\/wp\/v2\/posts\/50367\/revisions\/50369"}],"wp:featuredmedia":[{"embeddable":true,"href":"https:\/\/www.sincomam.org.br\/index.php\/wp-json\/wp\/v2\/media\/50368"}],"wp:attachment":[{"href":"https:\/\/www.sincomam.org.br\/index.php\/wp-json\/wp\/v2\/media?parent=50367"}],"wp:term":[{"taxonomy":"category","embeddable":true,"href":"https:\/\/www.sincomam.org.br\/index.php\/wp-json\/wp\/v2\/categories?post=50367"},{"taxonomy":"post_tag","embeddable":true,"href":"https:\/\/www.sincomam.org.br\/index.php\/wp-json\/wp\/v2\/tags?post=50367"}],"curies":[{"name":"wp","href":"https:\/\/api.w.org\/{rel}","templated":true}]}}