{"id":50359,"date":"2024-03-14T07:56:49","date_gmt":"2024-03-14T10:56:49","guid":{"rendered":"http:\/\/www.sincomam.org.br\/?p=50359"},"modified":"2024-03-14T07:56:49","modified_gmt":"2024-03-14T10:56:49","slug":"ministerio-do-trabalho-fiscaliza-empresas-que-atuam-no-porto-do-rio","status":"publish","type":"post","link":"https:\/\/www.sincomam.org.br\/index.php\/ministerio-do-trabalho-fiscaliza-empresas-que-atuam-no-porto-do-rio\/","title":{"rendered":"Minist\u00e9rio do Trabalho fiscaliza empresas que atuam no Porto do Rio"},"content":{"rendered":"<p>Fiscais do Minist\u00e9rio do Trabalho fazem nesta quarta-feira (13) uma opera\u00e7\u00e3o de fiscaliza\u00e7\u00e3o em empresas que atuam no Porto do Rio de Janeiro. A a\u00e7\u00e3o, chamada de Porto Seguro, com cerca de 50 fiscais, foi desencadeada a partir de den\u00fancias sobre supostos desrespeitos \u00e0s leis trabalhistas no local.<img decoding=\"async\" src=\"https:\/\/agenciabrasil.ebc.com.br\/ebc.png?id=1585471&amp;o=node\" \/><img decoding=\"async\" src=\"https:\/\/agenciabrasil.ebc.com.br\/ebc.gif?id=1585471&amp;o=node\" \/><\/p>\n<p>\u201cOs auditores v\u00e3o fiscalizar as condi\u00e7\u00f5es de trabalho das opera\u00e7\u00f5es portu\u00e1rias, com foco n\u00e3o s\u00f3 nos itens de seguran\u00e7a e sa\u00fade do trabalho, mas tamb\u00e9m na forma de contrata\u00e7\u00e3o dos trabalhadores, poss\u00edveis fraudes na rela\u00e7\u00e3o de emprego e fiscaliza\u00e7\u00e3o de jornada\u201d, informou a coordenadora da a\u00e7\u00e3o B\u00e1rbara Rigo.<\/p>\n<p>Os agentes se dividiram em dois grupos. Um est\u00e1 fiscalizando as instala\u00e7\u00f5es dentro do porto, enquanto a outra equipe est\u00e1 abordando caminh\u00f5es que entram e saem do porto, para checar a situa\u00e7\u00e3o das transportadoras que atuam no local.<\/p>\n<p>\u201cVamos fazer a fiscaliza\u00e7\u00e3o n\u00e3o s\u00f3 da legisla\u00e7\u00e3o aplic\u00e1vel aos ve\u00edculos, como tamb\u00e9m das condi\u00e7\u00f5es de trabalho a que est\u00e3o submetidos os motoristas dos caminh\u00f5es\u201d, explicou a auditora fiscal do trabalho.<\/p>\n<p>Segundo B\u00e1rbara, caso sejam encontradas infra\u00e7\u00f5es, podem ser emitidas multas ou at\u00e9 realizadas interdi\u00e7\u00f5es de instala\u00e7\u00f5es.<\/p>\n<p>&nbsp;<\/p>\n<p>Fonte: Ag\u00eancia Brasil<\/p>\n","protected":false},"excerpt":{"rendered":"<p>Fiscais do Minist\u00e9rio do Trabalho fazem nesta quarta-feira (13) uma opera\u00e7\u00e3o de fiscaliza\u00e7\u00e3o em empresas que atuam no Porto do Rio de Janeiro. A a\u00e7\u00e3o,&#8230;<\/p>\n","protected":false},"author":1527,"featured_media":50360,"comment_status":"closed","ping_status":"closed","sticky":false,"template":"","format":"standard","meta":{"footnotes":""},"categories":[6],"tags":[],"class_list":["post-50359","post","type-post","status-publish","format-standard","has-post-thumbnail","hentry","category-noticias"],"_links":{"self":[{"href":"https:\/\/www.sincomam.org.br\/index.php\/wp-json\/wp\/v2\/posts\/50359","targetHints":{"allow":["GET"]}}],"collection":[{"href":"https:\/\/www.sincomam.org.br\/index.php\/wp-json\/wp\/v2\/posts"}],"about":[{"href":"https:\/\/www.sincomam.org.br\/index.php\/wp-json\/wp\/v2\/types\/post"}],"author":[{"embeddable":true,"href":"https:\/\/www.sincomam.org.br\/index.php\/wp-json\/wp\/v2\/users\/1527"}],"replies":[{"embeddable":true,"href":"https:\/\/www.sincomam.org.br\/index.php\/wp-json\/wp\/v2\/comments?post=50359"}],"version-history":[{"count":1,"href":"https:\/\/www.sincomam.org.br\/index.php\/wp-json\/wp\/v2\/posts\/50359\/revisions"}],"predecessor-version":[{"id":50361,"href":"https:\/\/www.sincomam.org.br\/index.php\/wp-json\/wp\/v2\/posts\/50359\/revisions\/50361"}],"wp:featuredmedia":[{"embeddable":true,"href":"https:\/\/www.sincomam.org.br\/index.php\/wp-json\/wp\/v2\/media\/50360"}],"wp:attachment":[{"href":"https:\/\/www.sincomam.org.br\/index.php\/wp-json\/wp\/v2\/media?parent=50359"}],"wp:term":[{"taxonomy":"category","embeddable":true,"href":"https:\/\/www.sincomam.org.br\/index.php\/wp-json\/wp\/v2\/categories?post=50359"},{"taxonomy":"post_tag","embeddable":true,"href":"https:\/\/www.sincomam.org.br\/index.php\/wp-json\/wp\/v2\/tags?post=50359"}],"curies":[{"name":"wp","href":"https:\/\/api.w.org\/{rel}","templated":true}]}}