{"id":50350,"date":"2024-03-14T07:43:08","date_gmt":"2024-03-14T10:43:08","guid":{"rendered":"http:\/\/www.sincomam.org.br\/?p=50350"},"modified":"2024-03-14T07:43:08","modified_gmt":"2024-03-14T10:43:08","slug":"embarque-no-cisne-branco-em-maceio-e-navegue-pela-cultura-naval-brasileira","status":"publish","type":"post","link":"https:\/\/www.sincomam.org.br\/index.php\/embarque-no-cisne-branco-em-maceio-e-navegue-pela-cultura-naval-brasileira\/","title":{"rendered":"Embarque no \u201cCisne Branco\u201d em Macei\u00f3 e Navegue pela Cultura Naval Brasileira"},"content":{"rendered":"<p>Em um mundo cada vez mais globalizado, onde as fronteiras se tornam fluidas e a interconex\u00e3o entre na\u00e7\u00f5es se intensifica, o poder da diplomacia cultural e da representatividade nacional assume um papel crucial. No cora\u00e7\u00e3o deste cen\u00e1rio, o Navio-Veleiro\u00a0\u201cCisne Branco\u201d\u00a0(U20), orgulho da\u00a0Marinha do Brasil\u00a0(MB), prepara-se para atracar no Porto de Macei\u00f3, Alagoas, trazendo consigo n\u00e3o apenas a beleza de suas velas, mas a rica hist\u00f3ria e tradi\u00e7\u00f5es mar\u00edtimas brasileiras. Este evento n\u00e3o \u00e9 apenas uma visita\u00e7\u00e3o; \u00e9 uma celebra\u00e7\u00e3o da heran\u00e7a mar\u00edtima do Brasil, uma aula de hist\u00f3ria a c\u00e9u aberto e um elo diplom\u00e1tico navegando atrav\u00e9s dos mares.<\/p>\n<p><strong>Embaixada Flutuante do Brasil<\/strong><\/p>\n<p>O\u00a0Cisne Branco, conhecido carinhosamente como a \u201cEmbaixada Brasileira no Mar\u201d, desempenha um papel vital nas rela\u00e7\u00f5es diplom\u00e1ticas e de Rela\u00e7\u00f5es P\u00fablicas, estreitando la\u00e7os com as na\u00e7\u00f5es por onde passa e promovendo a cultura brasileira. Como um embaixador dos mares, o navio navega levando consigo a miss\u00e3o de representar o Brasil em eventos n\u00e1uticos de renome mundial, desde competi\u00e7\u00f5es at\u00e9 festivais mar\u00edtimos, refor\u00e7ando a imagem do pa\u00eds como uma na\u00e7\u00e3o com forte v\u00ednculo com o mar.<\/p>\n<div class=\"td-a-rec td-a-rec-id-content_inline tdi_2 td_block_template_11\">\n<p><strong>Celebra\u00e7\u00e3o dos 500 Anos do Descobrimento<\/strong><\/p>\n<\/div>\n<p>Constru\u00eddo na\u00a0Holanda\u00a0especificamente para as comemora\u00e7\u00f5es dos 500 anos do descobrimento do Brasil, o Cisne Branco \u00e9 um s\u00edmbolo de resili\u00eancia e orgulho nacional. Ao percorrer a \u201cRota do Descobrimento\u201d, retra\u00e7ando os passos de Pedro \u00c1lvares Cabral, o navio n\u00e3o apenas honra nossa hist\u00f3ria, mas tamb\u00e9m reafirma a import\u00e2ncia do Brasil no cen\u00e1rio global, destacando nosso rico patrim\u00f4nio cultural e mar\u00edtimo.<\/p>\n<p><strong>Uma Ponte Entre o Passado e o Presente<\/strong><\/p>\n<p>A abertura do\u00a0Cisne Branco\u00a0para visita\u00e7\u00e3o p\u00fablica \u00e9 uma rara oportunidade para os brasileiros de todas as idades mergulharem na nossa heran\u00e7a naval e mar\u00edtima. Ao adentrar o navio, os visitantes s\u00e3o transportados para uma \u00e9poca em que os veleiros dominavam os oceanos, desempenhando pap\u00e9is cruciais em descobertas e conquistas. Essa experi\u00eancia educativa visa fomentar a mentalidade mar\u00edtima na sociedade, destacando a import\u00e2ncia do mar para o desenvolvimento nacional e a preserva\u00e7\u00e3o das tradi\u00e7\u00f5es navais que moldaram nosso pa\u00eds.<\/p>\n<p><strong>Servi\u00e7o de Visita\u00e7\u00e3o ao P\u00fablico<\/strong><\/p>\n<p>Para aqueles interessados em participar deste evento cultural e educativo, o\u00a0Cisne Branco\u00a0estar\u00e1 aberto ao p\u00fablico nos dias 16 e 17 de mar\u00e7o, com entrada franca. Esta \u00e9 uma chance imperd\u00edvel de vivenciar um peda\u00e7o vivo da hist\u00f3ria brasileira, aprender sobre a import\u00e2ncia estrat\u00e9gica do mar para o Brasil e apreciar a beleza deste magn\u00edfico navio-veleiro.<\/p>\n<p>O convite \u00e0 visita\u00e7\u00e3o do\u00a0Cisne Branco\u00a0no Porto de Macei\u00f3 n\u00e3o \u00e9 apenas um evento; \u00e9 um chamado para a reflex\u00e3o sobre nossa identidade como na\u00e7\u00e3o mar\u00edtima e a reafirma\u00e7\u00e3o dos la\u00e7os que nos unem atrav\u00e9s do mar. Neste final de semana, o\u00a0Cisne Branco\u00a0n\u00e3o \u00e9 apenas um navio; \u00e9 um embaixador de nossa cultura, hist\u00f3ria e valores mar\u00edtimos, aguardando por todos de bra\u00e7os abertos.<\/p>\n<p>&nbsp;<\/p>\n<p>Fonte: Defesa em Foco<\/p>\n<div class=\"td-g-rec td-g-rec-id-content_bottom tdi_4 td_block_template_11\"><\/div>\n","protected":false},"excerpt":{"rendered":"<p>Em um mundo cada vez mais globalizado, onde as fronteiras se tornam fluidas e a interconex\u00e3o entre na\u00e7\u00f5es se intensifica, o poder da diplomacia cultural&#8230;<\/p>\n","protected":false},"author":1527,"featured_media":50351,"comment_status":"closed","ping_status":"closed","sticky":false,"template":"","format":"standard","meta":{"footnotes":""},"categories":[6],"tags":[],"class_list":["post-50350","post","type-post","status-publish","format-standard","has-post-thumbnail","hentry","category-noticias"],"_links":{"self":[{"href":"https:\/\/www.sincomam.org.br\/index.php\/wp-json\/wp\/v2\/posts\/50350","targetHints":{"allow":["GET"]}}],"collection":[{"href":"https:\/\/www.sincomam.org.br\/index.php\/wp-json\/wp\/v2\/posts"}],"about":[{"href":"https:\/\/www.sincomam.org.br\/index.php\/wp-json\/wp\/v2\/types\/post"}],"author":[{"embeddable":true,"href":"https:\/\/www.sincomam.org.br\/index.php\/wp-json\/wp\/v2\/users\/1527"}],"replies":[{"embeddable":true,"href":"https:\/\/www.sincomam.org.br\/index.php\/wp-json\/wp\/v2\/comments?post=50350"}],"version-history":[{"count":1,"href":"https:\/\/www.sincomam.org.br\/index.php\/wp-json\/wp\/v2\/posts\/50350\/revisions"}],"predecessor-version":[{"id":50352,"href":"https:\/\/www.sincomam.org.br\/index.php\/wp-json\/wp\/v2\/posts\/50350\/revisions\/50352"}],"wp:featuredmedia":[{"embeddable":true,"href":"https:\/\/www.sincomam.org.br\/index.php\/wp-json\/wp\/v2\/media\/50351"}],"wp:attachment":[{"href":"https:\/\/www.sincomam.org.br\/index.php\/wp-json\/wp\/v2\/media?parent=50350"}],"wp:term":[{"taxonomy":"category","embeddable":true,"href":"https:\/\/www.sincomam.org.br\/index.php\/wp-json\/wp\/v2\/categories?post=50350"},{"taxonomy":"post_tag","embeddable":true,"href":"https:\/\/www.sincomam.org.br\/index.php\/wp-json\/wp\/v2\/tags?post=50350"}],"curies":[{"name":"wp","href":"https:\/\/api.w.org\/{rel}","templated":true}]}}