{"id":50341,"date":"2024-03-14T07:35:25","date_gmt":"2024-03-14T10:35:25","guid":{"rendered":"http:\/\/www.sincomam.org.br\/?p=50341"},"modified":"2024-03-14T07:35:25","modified_gmt":"2024-03-14T10:35:25","slug":"evento-no-mpor-abre-consulta-publica-para-obra-do-tunel-santos-guaruja","status":"publish","type":"post","link":"https:\/\/www.sincomam.org.br\/index.php\/evento-no-mpor-abre-consulta-publica-para-obra-do-tunel-santos-guaruja\/","title":{"rendered":"Evento no Mpor abre consulta p\u00fablica para obra do t\u00fanel Santos-Guaruj\u00e1"},"content":{"rendered":"<p>Foi aberta nesta quarta-feira (13) consulta p\u00fablica para contribui\u00e7\u00f5es ao projeto do t\u00fanel Santos-Guaruj\u00e1, em evento realizado no Minist\u00e9rio dos Portos e Aeroportos (Mpor).<\/p>\n<p>De acordo com o ministro Costa Filho, \u201ca obra \u00e9 fundamental para a gente melhorar a competitividade do Porto de Santos, que representa mais de 30% da corrente de exporta\u00e7\u00e3o e importa\u00e7\u00e3o do Brasil. Isso representa mais de 5 mil empregos que ser\u00e3o gerados direta e indiretamente, e que vai atender mais de 100 mil pessoas diretamente\u201d, avaliou.<\/p>\n<p>Com investimento previsto na ordem de R$ 6 bilh\u00f5es, o t\u00fanel Santos-Guaruj\u00e1, maior obra de infraestrutura do novo Programa de Acelera\u00e7\u00e3o do Crescimento (PAC), vai reduzir os custos da produ\u00e7\u00e3o nacional para o mercado interno e elevar a competitividade do Brasil no exterior. O tempo de travessia entre Santos e Guaruj\u00e1 ca\u00edra de cerca de 1 hora para menos de 5 minutos, levando mais qualidade de vida e mobilidade para os moradores. Hoje, cerca de 21 mil ve\u00edculos atravessam diariamente as duas al\u00e7as, seja utilizando barcos ou balsas, al\u00e9m de 15 mil ciclistas e pedestres.<\/p>\n<p>Durante o evento, o ministro da Casa Civil, Rui Costa, afirmou que o governo do presidente Lula tem um compromisso p\u00fablico com os investimentos em infraestrutura. Para o ministro, \u201ca retomada do PAC marca tamb\u00e9m um planejamento de estado, que incorpora os planejamentos e os olhares estaduais e municipais. [&#8230;] A gente vai ouvir do ente municipal e estadual, com a demanda e a compreens\u00e3o dele e a gente vai compartilhar dos projetos pensados na ponta com o apoio do governo central\u201d, apontou.<\/p>\n<p>Fonte: Portos e Navios<\/p>\n","protected":false},"excerpt":{"rendered":"<p>Foi aberta nesta quarta-feira (13) consulta p\u00fablica para contribui\u00e7\u00f5es ao projeto do t\u00fanel Santos-Guaruj\u00e1, em evento realizado no Minist\u00e9rio dos Portos e Aeroportos (Mpor). De&#8230;<\/p>\n","protected":false},"author":1527,"featured_media":50342,"comment_status":"closed","ping_status":"closed","sticky":false,"template":"","format":"standard","meta":{"footnotes":""},"categories":[6],"tags":[],"class_list":["post-50341","post","type-post","status-publish","format-standard","has-post-thumbnail","hentry","category-noticias"],"_links":{"self":[{"href":"https:\/\/www.sincomam.org.br\/index.php\/wp-json\/wp\/v2\/posts\/50341","targetHints":{"allow":["GET"]}}],"collection":[{"href":"https:\/\/www.sincomam.org.br\/index.php\/wp-json\/wp\/v2\/posts"}],"about":[{"href":"https:\/\/www.sincomam.org.br\/index.php\/wp-json\/wp\/v2\/types\/post"}],"author":[{"embeddable":true,"href":"https:\/\/www.sincomam.org.br\/index.php\/wp-json\/wp\/v2\/users\/1527"}],"replies":[{"embeddable":true,"href":"https:\/\/www.sincomam.org.br\/index.php\/wp-json\/wp\/v2\/comments?post=50341"}],"version-history":[{"count":1,"href":"https:\/\/www.sincomam.org.br\/index.php\/wp-json\/wp\/v2\/posts\/50341\/revisions"}],"predecessor-version":[{"id":50343,"href":"https:\/\/www.sincomam.org.br\/index.php\/wp-json\/wp\/v2\/posts\/50341\/revisions\/50343"}],"wp:featuredmedia":[{"embeddable":true,"href":"https:\/\/www.sincomam.org.br\/index.php\/wp-json\/wp\/v2\/media\/50342"}],"wp:attachment":[{"href":"https:\/\/www.sincomam.org.br\/index.php\/wp-json\/wp\/v2\/media?parent=50341"}],"wp:term":[{"taxonomy":"category","embeddable":true,"href":"https:\/\/www.sincomam.org.br\/index.php\/wp-json\/wp\/v2\/categories?post=50341"},{"taxonomy":"post_tag","embeddable":true,"href":"https:\/\/www.sincomam.org.br\/index.php\/wp-json\/wp\/v2\/tags?post=50341"}],"curies":[{"name":"wp","href":"https:\/\/api.w.org\/{rel}","templated":true}]}}