{"id":50337,"date":"2024-03-13T09:18:07","date_gmt":"2024-03-13T12:18:07","guid":{"rendered":"http:\/\/www.sincomam.org.br\/?p=50337"},"modified":"2024-03-13T09:18:07","modified_gmt":"2024-03-13T12:18:07","slug":"recebedor-de-pensao-alimenticia-pode-pedir-ressarcimento-de-imposto","status":"publish","type":"post","link":"https:\/\/www.sincomam.org.br\/index.php\/recebedor-de-pensao-alimenticia-pode-pedir-ressarcimento-de-imposto\/","title":{"rendered":"Recebedor de pens\u00e3o aliment\u00edcia pode pedir ressarcimento de imposto"},"content":{"rendered":"<p>Os contribuintes que receberam pens\u00e3o aliment\u00edcia nos \u00faltimos cinco anos e pagaram Imposto de Renda podem pedir o ressarcimento do tributo, esclareceu a Defensoria P\u00fablica da Uni\u00e3o (DPU). \u00c9 necess\u00e1rio retificar a declara\u00e7\u00e3o do Imposto de Renda de anos anteriores e, em alguns casos, pedir a devolu\u00e7\u00e3o de imposto pago a mais.<img decoding=\"async\" src=\"https:\/\/agenciabrasil.ebc.com.br\/ebc.png?id=1585439&amp;o=node\" \/><img decoding=\"async\" src=\"https:\/\/agenciabrasil.ebc.com.br\/ebc.gif?id=1585439&amp;o=node\" \/><\/p>\n<p>O prazo de entrega da declara\u00e7\u00e3o do Imposto de Renda (IR) 2024 come\u00e7a nesta sexta-feira (15) \u00e0s 8h e vai at\u00e9 as 23h59min59s de 31 de maio. Neste ano, o Fisco espera receber 43 milh\u00f5es de declara\u00e7\u00f5es, contra 41.151.515 entregues no ano passado.<\/p>\n<p>Em outubro de 2022, o Supremo Tribunal Federal (STF) decidiu que as\u00a0pens\u00f5es aliment\u00edcias s\u00e3o isentas\u00a0de Imposto de Renda. Por unanimidade, os ministros entenderam que o tributo incide sobre os ganhos do pagador\u00a0da pens\u00e3o e n\u00e3o pode ser cobrado duas vezes.<\/p>\n<p>Na ocasi\u00e3o, o STF entendeu que a bitributa\u00e7\u00e3o, al\u00e9m de inconstitucional, prejudica pessoas mais vulner\u00e1veis e fere os direitos fundamentais da popula\u00e7\u00e3o. Desde a decis\u00e3o do Supremo, a DPU acompanha o caso e orienta que valores recolhidos indevidamente nos \u00faltimos cinco anos sejam devolvidos ao contribuinte, inclusive com o envio de recomenda\u00e7\u00f5es \u00e0 Receita Federal.<\/p>\n<h2>Orienta\u00e7\u00f5es<\/h2>\n<p>Desde a decis\u00e3o do Supremo, o recebimento de pens\u00e3o aliment\u00edcia deve ser declarado como \u201crendimentos isentos e n\u00e3o tribut\u00e1veis\u201d. Quem declarou, nos \u00faltimos cinco anos, os valores como \u201crendimentos tribut\u00e1veis\u201d precisa retificar a declara\u00e7\u00e3o de cada ano.<\/p>\n<p>Caso a mudan\u00e7a resulte em aumento no valor a restituir, a diferen\u00e7a ser\u00e1 depositada automaticamente em um dos lotes residuais de restitui\u00e7\u00e3o de anos anteriores. Caso a retifica\u00e7\u00e3o reduza o valor de imposto pago em determinado ano, ser\u00e1 necess\u00e1rio fazer pedido eletr\u00f4nico de devolu\u00e7\u00e3o por meio do programa Per\/Dcomp, dispon\u00edvel no\u00a0<a href=\"https:\/\/cav.receita.fazenda.gov.br\/\" target=\"_blank\" rel=\"noopener\">Centro de Atendimento Virtual ao Contribuinte<\/a>\u00a0(e-CAC).<\/p>\n<h2>Pagantes<\/h2>\n<p>Para quem paga pens\u00e3o aliment\u00edcia, nada muda. O dinheiro deve continuar a ser declarado anualmente e pode ser deduzido ao acrescentar o Cadastro de Pessoa F\u00edsica (CPF) do alimentando.<\/p>\n<p>O pagador pode deduzir at\u00e9 100% do valor pago como pens\u00e3o, desde que ela seja estabelecida pela Justi\u00e7a ou em escritura p\u00fablica. O alimentante tamb\u00e9m pode deduzir outras despesas pagas ao filho, como despesas com sa\u00fade ou educa\u00e7\u00e3o, desde que tamb\u00e9m definidas por acordo judicial.<\/p>\n<p>Outras informa\u00e7\u00f5es sobre a Declara\u00e7\u00e3o do Imposto de Renda Pessoa F\u00edsica podem ser obtidas na p\u00e1gina da Receita Federal, na se\u00e7\u00e3o\u00a0<a href=\"https:\/\/www.gov.br\/receitafederal\/pt-br\/acesso-a-informacao\/perguntas-frequentes\/dirpf\" target=\"_blank\" rel=\"noopener\">perguntas frequentes<\/a>. A Defensoria P\u00fablica da Uni\u00e3o pode prestar assist\u00eancia caso a pessoa n\u00e3o possa pagar por um advogado. Para\u00a0<a href=\"https:\/\/www.dpu.def.br\/duvidas-frequentes\" target=\"_blank\" rel=\"noopener\">mais informa\u00e7\u00f5es<\/a>, o contribuinte deve acessar o\u00a0<em>site<\/em>\u00a0do \u00f3rg\u00e3o.<\/p>\n<p>&nbsp;<\/p>\n<p>Fonte: Ag\u00eancia Brasil<\/p>\n","protected":false},"excerpt":{"rendered":"<p>Os contribuintes que receberam pens\u00e3o aliment\u00edcia nos \u00faltimos cinco anos e pagaram Imposto de Renda podem pedir o ressarcimento do tributo, esclareceu a Defensoria P\u00fablica&#8230;<\/p>\n","protected":false},"author":1527,"featured_media":50338,"comment_status":"closed","ping_status":"closed","sticky":false,"template":"","format":"standard","meta":{"footnotes":""},"categories":[6],"tags":[],"class_list":["post-50337","post","type-post","status-publish","format-standard","has-post-thumbnail","hentry","category-noticias"],"_links":{"self":[{"href":"https:\/\/www.sincomam.org.br\/index.php\/wp-json\/wp\/v2\/posts\/50337","targetHints":{"allow":["GET"]}}],"collection":[{"href":"https:\/\/www.sincomam.org.br\/index.php\/wp-json\/wp\/v2\/posts"}],"about":[{"href":"https:\/\/www.sincomam.org.br\/index.php\/wp-json\/wp\/v2\/types\/post"}],"author":[{"embeddable":true,"href":"https:\/\/www.sincomam.org.br\/index.php\/wp-json\/wp\/v2\/users\/1527"}],"replies":[{"embeddable":true,"href":"https:\/\/www.sincomam.org.br\/index.php\/wp-json\/wp\/v2\/comments?post=50337"}],"version-history":[{"count":1,"href":"https:\/\/www.sincomam.org.br\/index.php\/wp-json\/wp\/v2\/posts\/50337\/revisions"}],"predecessor-version":[{"id":50339,"href":"https:\/\/www.sincomam.org.br\/index.php\/wp-json\/wp\/v2\/posts\/50337\/revisions\/50339"}],"wp:featuredmedia":[{"embeddable":true,"href":"https:\/\/www.sincomam.org.br\/index.php\/wp-json\/wp\/v2\/media\/50338"}],"wp:attachment":[{"href":"https:\/\/www.sincomam.org.br\/index.php\/wp-json\/wp\/v2\/media?parent=50337"}],"wp:term":[{"taxonomy":"category","embeddable":true,"href":"https:\/\/www.sincomam.org.br\/index.php\/wp-json\/wp\/v2\/categories?post=50337"},{"taxonomy":"post_tag","embeddable":true,"href":"https:\/\/www.sincomam.org.br\/index.php\/wp-json\/wp\/v2\/tags?post=50337"}],"curies":[{"name":"wp","href":"https:\/\/api.w.org\/{rel}","templated":true}]}}