{"id":50322,"date":"2024-03-13T08:32:09","date_gmt":"2024-03-13T11:32:09","guid":{"rendered":"http:\/\/www.sincomam.org.br\/?p=50322"},"modified":"2024-03-13T08:32:09","modified_gmt":"2024-03-13T11:32:09","slug":"maersk-e-cma-cgm-cancelam-ligacoes-no-rio-de-janeiro-devido-a-gargalos-em-portos-brasileiros","status":"publish","type":"post","link":"https:\/\/www.sincomam.org.br\/index.php\/maersk-e-cma-cgm-cancelam-ligacoes-no-rio-de-janeiro-devido-a-gargalos-em-portos-brasileiros\/","title":{"rendered":"Maersk e CMA CGM cancelam liga\u00e7\u00f5es no Rio de Janeiro devido a gargalos em portos brasileiros"},"content":{"rendered":"<p>Gargalos operacionais que t\u00eam causado atrasos nas cadeias de abastecimento levaram os dois armadores a omitir o Rio de Janeiro em dois servi\u00e7os. Estima-se que a situa\u00e7\u00e3o deve durar pelo menos at\u00e9 o segundo trimestre.<\/p>\n<p>A Maersk informou que as dificuldades est\u00e3o impactando negativamente as opera\u00e7\u00f5es de escalas do servi\u00e7o Europa Mediterr\u00e2neo &#8211; Costa Leste da Am\u00e9rica do Sul, o &#8216;Bossa Nova&#8217;.<\/p>\n<p>Com isso, o armador mudou o itiner\u00e1rio, passando a omitir o Rio de Janeiro. O servi\u00e7o inclui escalas nos portos de Algeciras &#8211; T\u00e2nger &#8211; Salvador &#8211; Santos &#8211; Itapo\u00e1 &#8211; Paranagu\u00e1 &#8211; Santos &#8211; Sepetiba &#8211; T\u00e2nger.<\/p>\n<p>A Maersk informa que com a omiss\u00e3o do Rio de Janeiro, passa a oferecer uma rota alternativa usando a rede log\u00edstica partindo de Santos para a capital fluminense.<\/p>\n<p>Da mesma forma, a CMA CGM tamb\u00e9m suspende a liga\u00e7\u00e3o do Rio de Janeiro em seu servi\u00e7o &#8216;Sirius&#8217;, que conecta a Costa Leste da Am\u00e9rica do Sul ao Mediterr\u00e2neo. O novo itiner\u00e1rio ser\u00e1: Algeciras &#8211; T\u00e2nger &#8211; Salvador &#8211; Santos &#8211; Paranagu\u00e1 &#8211; Itapoa &#8211; Paranagu\u00e1 &#8211; Santos &#8211; Itagua\u00ed &#8211; T\u00e2nger &#8211; Algeciras.<\/p>\n<p>\u201cEssa medida \u00e9 colocada em pr\u00e1tica para garantir a confiabilidade do servi\u00e7o, que tem sido seriamente afetado pelas atuais limita\u00e7\u00f5es operacionais e pelo forte congestionamento nos portos brasileiros devido aos reparos no P\u00eder 1 do BTP de Santos, ap\u00f3s o incidente que o colocou fora de servi\u00e7o, al\u00e9m de obras p\u00fablicas que est\u00e3o afetando o Porto de Navegantes&#8221;, disse a empresa em comunicado.<\/p>\n<p>&nbsp;<\/p>\n<p>Fonte: Portos e Navios<\/p>\n","protected":false},"excerpt":{"rendered":"<p>Gargalos operacionais que t\u00eam causado atrasos nas cadeias de abastecimento levaram os dois armadores a omitir o Rio de Janeiro em dois servi\u00e7os. Estima-se que&#8230;<\/p>\n","protected":false},"author":1527,"featured_media":50323,"comment_status":"closed","ping_status":"closed","sticky":false,"template":"","format":"standard","meta":{"footnotes":""},"categories":[6],"tags":[],"class_list":["post-50322","post","type-post","status-publish","format-standard","has-post-thumbnail","hentry","category-noticias"],"_links":{"self":[{"href":"https:\/\/www.sincomam.org.br\/index.php\/wp-json\/wp\/v2\/posts\/50322","targetHints":{"allow":["GET"]}}],"collection":[{"href":"https:\/\/www.sincomam.org.br\/index.php\/wp-json\/wp\/v2\/posts"}],"about":[{"href":"https:\/\/www.sincomam.org.br\/index.php\/wp-json\/wp\/v2\/types\/post"}],"author":[{"embeddable":true,"href":"https:\/\/www.sincomam.org.br\/index.php\/wp-json\/wp\/v2\/users\/1527"}],"replies":[{"embeddable":true,"href":"https:\/\/www.sincomam.org.br\/index.php\/wp-json\/wp\/v2\/comments?post=50322"}],"version-history":[{"count":1,"href":"https:\/\/www.sincomam.org.br\/index.php\/wp-json\/wp\/v2\/posts\/50322\/revisions"}],"predecessor-version":[{"id":50324,"href":"https:\/\/www.sincomam.org.br\/index.php\/wp-json\/wp\/v2\/posts\/50322\/revisions\/50324"}],"wp:featuredmedia":[{"embeddable":true,"href":"https:\/\/www.sincomam.org.br\/index.php\/wp-json\/wp\/v2\/media\/50323"}],"wp:attachment":[{"href":"https:\/\/www.sincomam.org.br\/index.php\/wp-json\/wp\/v2\/media?parent=50322"}],"wp:term":[{"taxonomy":"category","embeddable":true,"href":"https:\/\/www.sincomam.org.br\/index.php\/wp-json\/wp\/v2\/categories?post=50322"},{"taxonomy":"post_tag","embeddable":true,"href":"https:\/\/www.sincomam.org.br\/index.php\/wp-json\/wp\/v2\/tags?post=50322"}],"curies":[{"name":"wp","href":"https:\/\/api.w.org\/{rel}","templated":true}]}}