{"id":50308,"date":"2024-03-12T08:05:06","date_gmt":"2024-03-12T11:05:06","guid":{"rendered":"http:\/\/www.sincomam.org.br\/?p=50308"},"modified":"2024-03-12T08:05:34","modified_gmt":"2024-03-12T11:05:34","slug":"conselho-pode-distribuir-dividendos-da-petrobras-em-momento-oportuno","status":"publish","type":"post","link":"https:\/\/www.sincomam.org.br\/index.php\/conselho-pode-distribuir-dividendos-da-petrobras-em-momento-oportuno\/","title":{"rendered":"Conselho pode distribuir dividendos da Petrobras \u201cem momento oportuno\u201d"},"content":{"rendered":"<p>A decis\u00e3o do Conselho de Administra\u00e7\u00e3o da Petrobras de n\u00e3o distribuir os dividendos extraordin\u00e1rios associados ao lucro do quarto trimestre poder\u00e1 ser reavaliada, \u201cem momento oportuno\u201d, disse nesta segunda-feira (11) o ministro de Minas e Energia, Alexandre Silveira. Ele deu a declara\u00e7\u00e3o ap\u00f3s reuni\u00e3o no Pal\u00e1cio do Planalto.<img decoding=\"async\" src=\"https:\/\/agenciabrasil.ebc.com.br\/ebc.png?id=1585261&amp;o=node\" \/><img decoding=\"async\" src=\"https:\/\/agenciabrasil.ebc.com.br\/ebc.gif?id=1585261&amp;o=node\" \/><\/p>\n<p>Silveira, Haddad e o ministro da Casa Civil, Rui Costa, reuniram-se por quase tr\u00eas horas na tarde desta segunda no Pal\u00e1cio do Planalto com o presidente Luiz In\u00e1cio Lula da Silva. Segundo os dois ministros, a reparti\u00e7\u00e3o dos dividendos n\u00e3o foi tratada no encontro, e os participantes discutiram apenas os planos de investimento da Petrobras e a transi\u00e7\u00e3o da companhia para a energia limpa.<\/p>\n<p>Silveira ressaltou que a decis\u00e3o sobre a distribui\u00e7\u00e3o ou n\u00e3o dos dividendos extraordin\u00e1rios \u00e9 \u201cdin\u00e2mica\u201d e refor\u00e7ou que os dividendos ordin\u00e1rios, estabelecidos pela Lei das Sociedades An\u00f4nimas, foram distribu\u00eddos corretamente.<\/p>\n<p>\u201cO governo \u00e9 controlador da Petrobras, mas trabalhamos para torn\u00e1-la atrativa a investidores. Em nenhum momento, o governo perde a vis\u00e3o de dar previsibilidade aos investidores. O governo respeitou a previsibilidade da distribui\u00e7\u00e3o dos dividendos ordin\u00e1rios, que s\u00e3o obrigat\u00f3rios\u201d, rebateu.<\/p>\n<p>O ministro de Minas e Energia destacou que o dinheiro n\u00e3o distribu\u00eddo aos acionistas foi para uma conta de reserva de capital que est\u00e1 sendo remunerada (rendendo). \u201cO lucro da Petrobras foi para conta de conting\u00eancia que tem uma destina\u00e7\u00e3o pr\u00f3pria, que \u00e9 exatamente a distribui\u00e7\u00e3o dos dividendos no momento adequado que a governan\u00e7a da Petrobras decidir\u201d, afirmou o ministro, destacando que a decis\u00e3o caber\u00e1 ao Conselho de Administra\u00e7\u00e3o da estatal.<\/p>\n<h2>Projetos<\/h2>\n<p>Haddad disse que a reten\u00e7\u00e3o dos recursos ocorreu porque a companhia decidiu avaliar a evolu\u00e7\u00e3o do plano de investimentos para verificar se o dinheiro ser\u00e1 necess\u00e1rio para completar os projetos ou se podem ser repassados aos acionistas.<\/p>\n<p>O ministro da Fazenda negou que a pasta tenha pressionado a estatal a distribuir os dividendos extraordin\u00e1rios, embora os recursos ajudem o Tesouro Nacional, o maior acionista da Petrobras, a cumprir a meta de zerar o d\u00e9ficit prim\u00e1rio em 2024. Haddad ressaltou que o Or\u00e7amento de 2024 n\u00e3o prev\u00ea o recebimento por parte da Uni\u00e3o de dividendos al\u00e9m do estabelecido pela Lei das Sociedades An\u00f4nimas.<\/p>\n<p>\u201cNo Or\u00e7amento da Uni\u00e3o, constam apenas os dividendos ordin\u00e1rios. A Fazenda n\u00e3o fez o or\u00e7amento contando com dividendos extraordin\u00e1rios. Se vierem, melhorar\u00e3o o or\u00e7amento; mas n\u00e3o estamos contando com isso\u201d, declarou Haddad.<\/p>\n<p>Como v\u00e1rias estatais pagaram dividendos acima do esperado, ressaltou o ministro da Fazenda, o valor de dividendos que consta no Or\u00e7amento ser\u00e1 superado, mesmo sem os dividendos extraordin\u00e1rios da Petrobras.<\/p>\n<p>Haddad afirmou desconhecer uma nota t\u00e9cnica emitida pelo pr\u00f3prio Minist\u00e9rio da Fazenda em que recomendava a distribui\u00e7\u00e3o de dividendos extraordin\u00e1rios. \u201cEu n\u00e3o conhe\u00e7o essa nota t\u00e9cnica, mas a Fazenda \u00e0s vezes \u00e9 provocada para dizer se ela entende que a distribui\u00e7\u00e3o pode prejudicar o plano de investimentos da companhia. Se ela entende que n\u00e3o \u00e9, d\u00e1 um parecer favor\u00e1vel. Agora um conselho, ele \u00e9 soberano\u201d, respondeu.<\/p>\n<h2>Jean Paul Prates<\/h2>\n<div class=\"dnd-widget-wrapper context-grande_6colunas type-image atom-align-right\">\n<div class=\"dnd-atom-rendered\">\n<div class=\"shadow overflow-hidden rounded-lg d-block w-100\"><img decoding=\"async\" class=\"flex-fill img-cover\" title=\"Tomaz Silva\/Ag\u00eancia Brasil\" src=\"https:\/\/imagens.ebc.com.br\/VzIeIRCI_nQLjr8v_sGEqwfIt4M=\/463x0\/smart\/https:\/\/agenciabrasil.ebc.com.br\/sites\/default\/files\/thumbnails\/image\/_dsc3638.jpg?itok=HE4PSCmr\" alt=\"Rio de Janeiro (RJ), 02\/03\/2023 \u2013 O presidente da Petrobras, Jean Paul Prates durante primeira coletiva de imprensa, no Edif\u00edcio Senado, no centro da capital fluminense. Foto Tomaz Silva\/Ag\u00eancia Brasil\" \/><\/div>\n<\/div>\n<div class=\"dnd-caption-wrapper\">\n<h6 class=\"meta\">Rio de Janeiro &#8211; Presidente da Petrobras, Jean Paul Prates. Foto:\u00a0Tomaz Silva\/Ag\u00eancia Brasil<\/h6>\n<\/div>\n<\/div>\n<p>O ministro de Minas e Energia negou que a reuni\u00e3o tenha servido para discutir a perman\u00eancia no cargo do presidente da Petrobras, Jean Paul Prates. Apesar da determina\u00e7\u00e3o do governo, Prates absteve-se na vota\u00e7\u00e3o do Conselho de Administra\u00e7\u00e3o que reteve o pagamento dos dividendos extraordin\u00e1rios.<\/p>\n<p>\u201cEm nenhum momento isso foi cogitado. E, conforme destacou o ministro Haddad, o que foi feito hoje foi uma reuni\u00e3o extremamente produtiva para tratar de transi\u00e7\u00e3o energ\u00e9tica\u201d, rebateu Silveira. Ele atribuiu as not\u00edcias de uma poss\u00edvel demiss\u00e3o de Prates a \u201cespecula\u00e7\u00f5es do mercado financeiro\u201d.<\/p>\n<p>O ministro de Minas e Energia convidou o Minist\u00e9rio da Fazenda a ter uma cadeira no Conselho de Administra\u00e7\u00e3o da Petrobras. \u201cInclusive \u00e9 importante destacar que hoje foi um momento muito oportuno para convidar a Fazenda a integrar o conselho, at\u00e9 para a ela [a Fazenda] trazer a \u00f3tica e o olhar de Fazenda p\u00fablica da economia nacional\u201d, declarou. Silveira, no entanto, disse que a presid\u00eancia do conselho continuaria com um representante de Minas e Energia, pasta \u00e0 qual a Petrobras \u00e9 vinculada.<\/p>\n<h2>Lula<\/h2>\n<p>Sem citar a crise causada na Petrobras ap\u00f3s a n\u00e3o distribui\u00e7\u00e3o dos dividendos extraordin\u00e1rios, o presidente Lula postou nas redes sociais que o encontro foi produtivo. \u201cBoa reuni\u00e3o com o presidente da Petrobras Jean Paul Prates, os ministros Fernando Haddad, Alexandre Silveira e Rui Costa e a diretoria da empresa. Conversamos sobre investimentos em fertilizantes, transi\u00e7\u00e3o energ\u00e9tica, enfim, no futuro do nosso pa\u00eds\u201d, escreveu o presidente na rede social X, antigo Twitter.<\/p>\n<div class=\"dnd-widget-wrapper context-cheio_8colunas type-image\">\n<div class=\"dnd-atom-rendered\">\n<div class=\"shadow overflow-hidden rounded-lg d-block w-100\"><img decoding=\"async\" class=\"flex-fill img-cover\" title=\"Ricardo Stuckert\/PR\" src=\"https:\/\/imagens.ebc.com.br\/DUBztBoBoQqVYER0iq7O9fNIMEM=\/754x0\/smart\/https:\/\/agenciabrasil.ebc.com.br\/sites\/default\/files\/thumbnails\/image\/2024\/03\/11\/53582446950_7a15690ac1_o.jpg?itok=r7H7Zp-9\" alt=\"Bras\u00edlia (DF), 11.03.2024 - Presidente da Rep\u00fablica, Luiz In\u00e1cio Lula da Silva, em reuni\u00e3o com o Ministro da Fazenda, Fernando Haddad e com o Presidente da Petrobras, Jean Paul Prates, no Pal\u00e1cio do Planalto. Foto: Ricardo Stuckert\/PR\" \/><\/div>\n<\/div>\n<div class=\"dnd-caption-wrapper\">\n<h6 class=\"meta\">Bras\u00edlia (DF) &#8211; Presidente da Rep\u00fablica, Luiz In\u00e1cio Lula da Silva, em reuni\u00e3o com o Ministro da Fazenda, Fernando Haddad e com o Presidente da Petrobras, Jean Paul Prates, no Pal\u00e1cio do Planalto. Foto:\u00a0<strong>Ricardo Stuckert\/PR<\/strong><\/h6>\n<\/div>\n<\/div>\n<p>Na quinta-feira, ao reportar lucro l\u00edquido de R$ 31 bilh\u00f5es no quarto trimestre de 2023, a Petrobras informou que n\u00e3o pagaria dividendos extraordin\u00e1rios referentes ao per\u00edodo por decis\u00e3o do Conselho de Administra\u00e7\u00e3o, cujos poderes s\u00e3o superiores aos da diretoria. Com 11 integrantes, o conselho tem seis representantes do governo federal.<\/p>\n<p>Com a reten\u00e7\u00e3o dos dividendos, a Petrobras perdeu R$ 55,8 bilh\u00f5es em valor de mercado na sexta-feira (8), com desvaloriza\u00e7\u00e3o de 10,57% nas a\u00e7\u00f5es preferenciais e de 10,37% nas a\u00e7\u00f5es ordin\u00e1rias. Nesta segunda, os pap\u00e9is continuaram a cair, com recuos de 1,3% (preferenciais) e de 1,92% (ordin\u00e1rias). Os investidores temeram uma suposta interven\u00e7\u00e3o do governo federal na companhia.<\/p>\n<p>Fonte: Ag\u00eancia Brasil<\/p>\n","protected":false},"excerpt":{"rendered":"<p>A decis\u00e3o do Conselho de Administra\u00e7\u00e3o da Petrobras de n\u00e3o distribuir os dividendos extraordin\u00e1rios associados ao lucro do quarto trimestre poder\u00e1 ser reavaliada, \u201cem momento&#8230;<\/p>\n","protected":false},"author":1527,"featured_media":50309,"comment_status":"closed","ping_status":"closed","sticky":false,"template":"","format":"standard","meta":{"footnotes":""},"categories":[6],"tags":[],"class_list":["post-50308","post","type-post","status-publish","format-standard","has-post-thumbnail","hentry","category-noticias"],"_links":{"self":[{"href":"https:\/\/www.sincomam.org.br\/index.php\/wp-json\/wp\/v2\/posts\/50308","targetHints":{"allow":["GET"]}}],"collection":[{"href":"https:\/\/www.sincomam.org.br\/index.php\/wp-json\/wp\/v2\/posts"}],"about":[{"href":"https:\/\/www.sincomam.org.br\/index.php\/wp-json\/wp\/v2\/types\/post"}],"author":[{"embeddable":true,"href":"https:\/\/www.sincomam.org.br\/index.php\/wp-json\/wp\/v2\/users\/1527"}],"replies":[{"embeddable":true,"href":"https:\/\/www.sincomam.org.br\/index.php\/wp-json\/wp\/v2\/comments?post=50308"}],"version-history":[{"count":1,"href":"https:\/\/www.sincomam.org.br\/index.php\/wp-json\/wp\/v2\/posts\/50308\/revisions"}],"predecessor-version":[{"id":50310,"href":"https:\/\/www.sincomam.org.br\/index.php\/wp-json\/wp\/v2\/posts\/50308\/revisions\/50310"}],"wp:featuredmedia":[{"embeddable":true,"href":"https:\/\/www.sincomam.org.br\/index.php\/wp-json\/wp\/v2\/media\/50309"}],"wp:attachment":[{"href":"https:\/\/www.sincomam.org.br\/index.php\/wp-json\/wp\/v2\/media?parent=50308"}],"wp:term":[{"taxonomy":"category","embeddable":true,"href":"https:\/\/www.sincomam.org.br\/index.php\/wp-json\/wp\/v2\/categories?post=50308"},{"taxonomy":"post_tag","embeddable":true,"href":"https:\/\/www.sincomam.org.br\/index.php\/wp-json\/wp\/v2\/tags?post=50308"}],"curies":[{"name":"wp","href":"https:\/\/api.w.org\/{rel}","templated":true}]}}