{"id":50303,"date":"2024-03-12T08:01:46","date_gmt":"2024-03-12T11:01:46","guid":{"rendered":"http:\/\/www.sincomam.org.br\/?p=50303"},"modified":"2024-03-12T08:01:46","modified_gmt":"2024-03-12T11:01:46","slug":"brasil-tem-391-mortes-por-dengue","status":"publish","type":"post","link":"https:\/\/www.sincomam.org.br\/index.php\/brasil-tem-391-mortes-por-dengue\/","title":{"rendered":"Brasil tem 391 mortes por dengue"},"content":{"rendered":"<p>O Brasil j\u00e1 registrou 391\u00a0mortes por dengue de janeiro at\u00e9 esta segunda-feira (11), conforme dados do Painel de Monitoramento das Arboviroses do Minist\u00e9rio da Sa\u00fade. De acordo com o levantamento, os casos prov\u00e1veis da doen\u00e7a chegaram a 1.538.183 e h\u00e1 854 mortes e investiga\u00e7\u00e3o.<\/p>\n<p>Entre os casos prov\u00e1veis, 55,5% s\u00e3o de mulheres e 44,5% de homens. A faixa et\u00e1ria dos 30 aos 39 anos segue respondendo pelo maior n\u00famero de ocorr\u00eancias de dengue no pa\u00eds, seguida pelo grupo de 40 a 49 anos e de 50 a 59 anos.<img decoding=\"async\" src=\"https:\/\/agenciabrasil.ebc.com.br\/ebc.png?id=1585235&amp;o=node\" \/><img decoding=\"async\" src=\"https:\/\/agenciabrasil.ebc.com.br\/ebc.gif?id=1585235&amp;o=node\" \/><\/p>\n<p>Minas Gerais lidera em n\u00famero absoluto de casos prov\u00e1veis (513.538) entre os estados. Em seguida, est\u00e3o S\u00e3o Paulo (285.134), Paran\u00e1 (149.134) e o Distrito Federal (137.050). Quando se considera o coeficiente de incid\u00eancia, o Distrito Federal aparece em primeiro lugar, com 4.865\u00a0casos por 100 mil habitantes, seguido por Minas Gerais (2.500,3), Esp\u00edrito Santo (1.490,2) e Paran\u00e1 (1.303,3).<\/p>\n<p>A explos\u00e3o de casos de dengue fez com que pelo menos oito unidades da Federa\u00e7\u00e3o decretassem emerg\u00eancia em sa\u00fade p\u00fablica: Acre, Distrito Federal, Goi\u00e1s, Rio de Janeiro, Esp\u00edrito Santo, Santa Catarina, S\u00e3o Paulo e Minas Gerais.<\/p>\n<p>A medida facilita acesso a recursos federais e agiliza processos voltados ao combate da doen\u00e7a.<\/p>\n<p>Fonte: Ag\u00eancia Brasil<\/p>\n","protected":false},"excerpt":{"rendered":"<p>O Brasil j\u00e1 registrou 391\u00a0mortes por dengue de janeiro at\u00e9 esta segunda-feira (11), conforme dados do Painel de Monitoramento das Arboviroses do Minist\u00e9rio da Sa\u00fade&#8230;.<\/p>\n","protected":false},"author":1527,"featured_media":50304,"comment_status":"closed","ping_status":"closed","sticky":false,"template":"","format":"standard","meta":{"footnotes":""},"categories":[6],"tags":[],"class_list":["post-50303","post","type-post","status-publish","format-standard","has-post-thumbnail","hentry","category-noticias"],"_links":{"self":[{"href":"https:\/\/www.sincomam.org.br\/index.php\/wp-json\/wp\/v2\/posts\/50303","targetHints":{"allow":["GET"]}}],"collection":[{"href":"https:\/\/www.sincomam.org.br\/index.php\/wp-json\/wp\/v2\/posts"}],"about":[{"href":"https:\/\/www.sincomam.org.br\/index.php\/wp-json\/wp\/v2\/types\/post"}],"author":[{"embeddable":true,"href":"https:\/\/www.sincomam.org.br\/index.php\/wp-json\/wp\/v2\/users\/1527"}],"replies":[{"embeddable":true,"href":"https:\/\/www.sincomam.org.br\/index.php\/wp-json\/wp\/v2\/comments?post=50303"}],"version-history":[{"count":1,"href":"https:\/\/www.sincomam.org.br\/index.php\/wp-json\/wp\/v2\/posts\/50303\/revisions"}],"predecessor-version":[{"id":50305,"href":"https:\/\/www.sincomam.org.br\/index.php\/wp-json\/wp\/v2\/posts\/50303\/revisions\/50305"}],"wp:featuredmedia":[{"embeddable":true,"href":"https:\/\/www.sincomam.org.br\/index.php\/wp-json\/wp\/v2\/media\/50304"}],"wp:attachment":[{"href":"https:\/\/www.sincomam.org.br\/index.php\/wp-json\/wp\/v2\/media?parent=50303"}],"wp:term":[{"taxonomy":"category","embeddable":true,"href":"https:\/\/www.sincomam.org.br\/index.php\/wp-json\/wp\/v2\/categories?post=50303"},{"taxonomy":"post_tag","embeddable":true,"href":"https:\/\/www.sincomam.org.br\/index.php\/wp-json\/wp\/v2\/tags?post=50303"}],"curies":[{"name":"wp","href":"https:\/\/api.w.org\/{rel}","templated":true}]}}