{"id":50278,"date":"2024-03-11T07:57:21","date_gmt":"2024-03-11T10:57:21","guid":{"rendered":"http:\/\/www.sincomam.org.br\/?p=50278"},"modified":"2024-03-11T07:57:21","modified_gmt":"2024-03-11T10:57:21","slug":"antaq-institui-grupo-de-trabalho-para-fazer-diagnostico-da-oferta-de-transporte-maritimo-para-o-escoamento-do-arroz-brasileiro","status":"publish","type":"post","link":"https:\/\/www.sincomam.org.br\/index.php\/antaq-institui-grupo-de-trabalho-para-fazer-diagnostico-da-oferta-de-transporte-maritimo-para-o-escoamento-do-arroz-brasileiro\/","title":{"rendered":"ANTAQ institui grupo de trabalho para fazer diagn\u00f3stico da oferta de transporte mar\u00edtimo para o escoamento do arroz brasileiro"},"content":{"rendered":"<p dir=\"ltr\">A Ag\u00eancia Nacional de Transportes Aquavi\u00e1rios (ANTAQ) aprovou, nesta quinta-feira (07), a abertura de um grupo de trabalho que vai fazer um diagn\u00f3stico sobre a transporte mar\u00edtimo de cabotagem para o escoamento do arroz brasileiro.<\/p>\n<p dir=\"ltr\">A proposta foi motivada por den\u00fancia feita pela Associa\u00e7\u00e3o Brasileira da Ind\u00fastria do Arroz (Abiarroz), que foi arquivada, que alegava que todos os produtores brasileiros de arroz da Regi\u00e3o Sul v\u00eam enfrentando reiterada falta de servi\u00e7o adequado no transporte de cabotagem.<\/p>\n<p dir=\"ltr\">Em seu voto, o diretor-geral da Ag\u00eancia, Eduardo Nery, que relatou a mat\u00e9ria, destacou que \u201csob um ponto de vista de estrat\u00e9gia de desenvolvimento e seguran\u00e7a alimentar para o pa\u00eds, a quest\u00e3o \u00e9 relevante por tratar-se de um produto fundamental da cesta b\u00e1sica brasileira, o arroz, de modo que a efici\u00eancia do setor tem implica\u00e7\u00f5es positivas para a economia, impactando, por exemplo, os \u00edndices inflacion\u00e1rios\u201d.<\/p>\n<p dir=\"ltr\">Ao final, esse levantamento vai servir de subs\u00eddio para identificar medidas que poder\u00e3o auxiliar no planejamento de pol\u00edticas p\u00fablicas voltadas a ampliar a capacidade instalada da infraestrutura portu\u00e1ria ou a oferta dos servi\u00e7os de transporte mar\u00edtimo.<\/p>\n<p dir=\"ltr\">Quando institu\u00eddo, o grupo de trabalho vai apresentar um plano em um prazo de 30 dias ao relator do processo que motivou a cria\u00e7\u00e3o desse levantamento para posterior aprova\u00e7\u00e3o junto \u00e0 diretoria colegiada.<\/p>\n<p dir=\"ltr\">Participam do grupo de trabalho as superintend\u00eancias de Regula\u00e7\u00e3o, de Outorgas e de Fiscaliza\u00e7\u00e3o da ANTAQ, a Coordena\u00e7\u00e3o das Unidades Regionais da Ag\u00eancia, representantes do Minist\u00e9rio dos Portos e Aeroportos e da C\u00e2mara de Transporte Log\u00edstico do Minist\u00e9rio da Agricultura e Pecu\u00e1ria (Mapa).<\/p>\n<p dir=\"ltr\">Al\u00e9m disso, tamb\u00e9m ser\u00e3o necess\u00e1rias contribui\u00e7\u00f5es da Abiarroz, dos transportadores mar\u00edtimos, de terminais p\u00fablicos e privados e das autoridades portu\u00e1rias.<\/p>\n<p dir=\"ltr\">\n<p dir=\"ltr\">Fonte: Antaq<\/p>\n","protected":false},"excerpt":{"rendered":"<p>A Ag\u00eancia Nacional de Transportes Aquavi\u00e1rios (ANTAQ) aprovou, nesta quinta-feira (07), a abertura de um grupo de trabalho que vai fazer um diagn\u00f3stico sobre a&#8230;<\/p>\n","protected":false},"author":1527,"featured_media":50279,"comment_status":"closed","ping_status":"closed","sticky":false,"template":"","format":"standard","meta":{"footnotes":""},"categories":[6],"tags":[],"class_list":["post-50278","post","type-post","status-publish","format-standard","has-post-thumbnail","hentry","category-noticias"],"_links":{"self":[{"href":"https:\/\/www.sincomam.org.br\/index.php\/wp-json\/wp\/v2\/posts\/50278","targetHints":{"allow":["GET"]}}],"collection":[{"href":"https:\/\/www.sincomam.org.br\/index.php\/wp-json\/wp\/v2\/posts"}],"about":[{"href":"https:\/\/www.sincomam.org.br\/index.php\/wp-json\/wp\/v2\/types\/post"}],"author":[{"embeddable":true,"href":"https:\/\/www.sincomam.org.br\/index.php\/wp-json\/wp\/v2\/users\/1527"}],"replies":[{"embeddable":true,"href":"https:\/\/www.sincomam.org.br\/index.php\/wp-json\/wp\/v2\/comments?post=50278"}],"version-history":[{"count":1,"href":"https:\/\/www.sincomam.org.br\/index.php\/wp-json\/wp\/v2\/posts\/50278\/revisions"}],"predecessor-version":[{"id":50280,"href":"https:\/\/www.sincomam.org.br\/index.php\/wp-json\/wp\/v2\/posts\/50278\/revisions\/50280"}],"wp:featuredmedia":[{"embeddable":true,"href":"https:\/\/www.sincomam.org.br\/index.php\/wp-json\/wp\/v2\/media\/50279"}],"wp:attachment":[{"href":"https:\/\/www.sincomam.org.br\/index.php\/wp-json\/wp\/v2\/media?parent=50278"}],"wp:term":[{"taxonomy":"category","embeddable":true,"href":"https:\/\/www.sincomam.org.br\/index.php\/wp-json\/wp\/v2\/categories?post=50278"},{"taxonomy":"post_tag","embeddable":true,"href":"https:\/\/www.sincomam.org.br\/index.php\/wp-json\/wp\/v2\/tags?post=50278"}],"curies":[{"name":"wp","href":"https:\/\/api.w.org\/{rel}","templated":true}]}}