{"id":50275,"date":"2024-03-11T07:56:22","date_gmt":"2024-03-11T10:56:22","guid":{"rendered":"http:\/\/www.sincomam.org.br\/?p=50275"},"modified":"2024-03-11T07:56:22","modified_gmt":"2024-03-11T10:56:22","slug":"audiencia-publica-que-discute-nova-norma-para-areas-e-instalacoes-portuarias-vai-acontecer-na-proxima-quinta-feira","status":"publish","type":"post","link":"https:\/\/www.sincomam.org.br\/index.php\/audiencia-publica-que-discute-nova-norma-para-areas-e-instalacoes-portuarias-vai-acontecer-na-proxima-quinta-feira\/","title":{"rendered":"Audi\u00eancia P\u00fablica que discute nova norma para \u00e1reas e instala\u00e7\u00f5es portu\u00e1rias vai acontecer na pr\u00f3xima quinta-feira"},"content":{"rendered":"<p dir=\"ltr\">A Ag\u00eancia Nacional de Transportes Aquavi\u00e1rios (ANTAQ) vai realizar a Audi\u00eancia P\u00fablica n\u00ba 02\/2024-ANTAQ, no dia 14 de mar\u00e7o de 2024, \u00e0s 10h.<\/p>\n<p dir=\"ltr\">A audi\u00eancia P\u00fablica tem por objetivo obter contribui\u00e7\u00f5es, subs\u00eddios e sugest\u00f5es para o aprimoramento de proposta normativa de altera\u00e7\u00e3o da\u00a0<a href=\"https:\/\/sophia.antaq.gov.br\/terminal\/Acervo\/Detalhe\/18150\">Resolu\u00e7\u00e3o Normativa-ANTAQ n\u00ba 7, de 31 de maio de 2016<\/a>, que regula a explora\u00e7\u00e3o de \u00e1reas e instala\u00e7\u00f5es portu\u00e1rias que est\u00e3o sob a gest\u00e3o da administra\u00e7\u00e3o do porto, no \u00e2mbito dos portos p\u00fablicos.<\/p>\n<p dir=\"ltr\"><strong>Din\u00e2mica da Audi\u00eancia<\/strong><\/p>\n<p dir=\"ltr\">Toda a sess\u00e3o virtual ser\u00e1 transmitida via streaming a toda a Internet, gravada e disponibilizada no\u00a0<a class=\"external-link\" title=\"\" href=\"https:\/\/www.youtube.com\/@ANTAQ_oficial\" target=\"_self\" data-tippreview-enabled=\"false\" data-tippreview-image=\"\" data-tippreview-title=\"\" rel=\"noopener\">canal da ANTAQ<\/a>\u00a0no &#8220;Youtube&#8221;. N\u00e3o \u00e9 necess\u00e1ria inscri\u00e7\u00e3o para assistir a Audi\u00eancia P\u00fablica.<\/p>\n<p dir=\"ltr\">Os interessados em manifestar-se na audi\u00eancia dever\u00e3o se inscrever pelo aplicativo de mensagens &#8220;Whatsapp&#8221; no n\u00famero (61) 2029-6940. O per\u00edodo de inscri\u00e7\u00e3o ser\u00e1 das 9h \u00e0s 15h do dia 13 de mar\u00e7o de 2024. As manifesta\u00e7\u00f5es podem ser enviadas por v\u00eddeo, \u00e1udio ou por escrito no aplicativo de mensagem.<\/p>\n<p dir=\"ltr\">Tamb\u00e9m poder\u00e3o se manifestar entrando na sala de reuni\u00e3o criada no aplicativo &#8220;Teams&#8221;. Para isso, no ato de inscri\u00e7\u00e3o, o interessado dever\u00e1 se manifestar nesse sentido e encaminhar seu endere\u00e7o eletr\u00f4nico de login no &#8220;Teams&#8221; para ser convidado a entrar na sala na sua vez.<\/p>\n<p dir=\"ltr\"><strong>Contribui\u00e7\u00f5es<\/strong><\/p>\n<p dir=\"ltr\">As minutas jur\u00eddicas e documentos t\u00e9cnicos relativos a audi\u00eancia p\u00fablica est\u00e1 dispon\u00edvel\u00a0<a class=\"external-link\" title=\"\" href=\"https:\/\/web3.antaq.gov.br\/sistemas\/sisapinternet\/AudienciaPublicaDetalhar.aspx\" target=\"_self\" data-tippreview-enabled=\"false\" data-tippreview-image=\"\" data-tippreview-title=\"\" rel=\"noopener\">neste link<\/a><\/p>\n<p dir=\"ltr\">As contribui\u00e7\u00f5es escritas poder\u00e3o ser dirigidas \u00e0 ANTAQ at\u00e9 \u00e0s 23h59 do dia 04 de abril de 2024, exclusivamente por meio e na forma do formul\u00e1rio eletr\u00f4nico dispon\u00edvel no site da ANTAQ, n\u00e3o sendo aceitas contribui\u00e7\u00f5es enviadas por meio diverso.<\/p>\n<p dir=\"ltr\">Ser\u00e1 permitido anexar imagens digitais, tais como mapas, plantas e fotos exclusivamente atrav\u00e9s do email:\u00a0anexo_audiencia022024@antaq.gov.br\u00a0mediante identifica\u00e7\u00e3o do contribuinte e no prazo estipulado neste aviso. O envio do anexo em email n\u00e3o dispensa o envio da contribui\u00e7\u00e3o por escrito no formul\u00e1rio eletr\u00f4nico.<\/p>\n<p dir=\"ltr\">Caso o interessado n\u00e3o disponha dos recursos necess\u00e1rios para o envio da contribui\u00e7\u00e3o por meio do formul\u00e1rio eletr\u00f4nico, poder\u00e1 faz\u00ea-lo utilizando o computador da Secretaria-Geral (SGE) desta Ag\u00eancia, em Bras\u00edlia\/DF, ou nas suas Unidades Regionais, cujos endere\u00e7os se encontram dispon\u00edveis no s\u00edtio da ANTAQ.<\/p>\n<p dir=\"ltr\">Fonte: Antaq<\/p>\n","protected":false},"excerpt":{"rendered":"<p>A Ag\u00eancia Nacional de Transportes Aquavi\u00e1rios (ANTAQ) vai realizar a Audi\u00eancia P\u00fablica n\u00ba 02\/2024-ANTAQ, no dia 14 de mar\u00e7o de 2024, \u00e0s 10h. A audi\u00eancia&#8230;<\/p>\n","protected":false},"author":1527,"featured_media":50276,"comment_status":"closed","ping_status":"closed","sticky":false,"template":"","format":"standard","meta":{"footnotes":""},"categories":[6],"tags":[],"class_list":["post-50275","post","type-post","status-publish","format-standard","has-post-thumbnail","hentry","category-noticias"],"_links":{"self":[{"href":"https:\/\/www.sincomam.org.br\/index.php\/wp-json\/wp\/v2\/posts\/50275","targetHints":{"allow":["GET"]}}],"collection":[{"href":"https:\/\/www.sincomam.org.br\/index.php\/wp-json\/wp\/v2\/posts"}],"about":[{"href":"https:\/\/www.sincomam.org.br\/index.php\/wp-json\/wp\/v2\/types\/post"}],"author":[{"embeddable":true,"href":"https:\/\/www.sincomam.org.br\/index.php\/wp-json\/wp\/v2\/users\/1527"}],"replies":[{"embeddable":true,"href":"https:\/\/www.sincomam.org.br\/index.php\/wp-json\/wp\/v2\/comments?post=50275"}],"version-history":[{"count":1,"href":"https:\/\/www.sincomam.org.br\/index.php\/wp-json\/wp\/v2\/posts\/50275\/revisions"}],"predecessor-version":[{"id":50277,"href":"https:\/\/www.sincomam.org.br\/index.php\/wp-json\/wp\/v2\/posts\/50275\/revisions\/50277"}],"wp:featuredmedia":[{"embeddable":true,"href":"https:\/\/www.sincomam.org.br\/index.php\/wp-json\/wp\/v2\/media\/50276"}],"wp:attachment":[{"href":"https:\/\/www.sincomam.org.br\/index.php\/wp-json\/wp\/v2\/media?parent=50275"}],"wp:term":[{"taxonomy":"category","embeddable":true,"href":"https:\/\/www.sincomam.org.br\/index.php\/wp-json\/wp\/v2\/categories?post=50275"},{"taxonomy":"post_tag","embeddable":true,"href":"https:\/\/www.sincomam.org.br\/index.php\/wp-json\/wp\/v2\/tags?post=50275"}],"curies":[{"name":"wp","href":"https:\/\/api.w.org\/{rel}","templated":true}]}}