{"id":50265,"date":"2024-03-08T08:29:48","date_gmt":"2024-03-08T11:29:48","guid":{"rendered":"http:\/\/www.sincomam.org.br\/?p=50265"},"modified":"2024-03-08T08:29:48","modified_gmt":"2024-03-08T11:29:48","slug":"eleicoes-2024-eleitor-tem-mais-dois-meses-para-regularizar-pendencias","status":"publish","type":"post","link":"https:\/\/www.sincomam.org.br\/index.php\/eleicoes-2024-eleitor-tem-mais-dois-meses-para-regularizar-pendencias\/","title":{"rendered":"Elei\u00e7\u00f5es 2024: eleitor tem mais dois meses para regularizar pend\u00eancias"},"content":{"rendered":"<div id=\"chunk-sa1c\">\n<div class=\"mc-column content-text active-extra-styles active-capital-letter\" data-block-type=\"unstyled\" data-block-weight=\"54\" data-block-id=\"1\">\n<p class=\" content-text__container theme-color-primary-first-letter\" data-track-category=\"Link no Texto\" data-track-links=\"\" data-mrf-recirculation=\"Article links\">Quem tem pend\u00eancias com a Justi\u00e7a Eleitoral, quer alterar dados ou vai tirar a primeira via do t\u00edtulo para participar das elei\u00e7\u00f5es deste ano tem mais dois meses, at\u00e9 o dia 8 de maio, para realizar os procedimentos. Ap\u00f3s esta data, o cadastro ser\u00e1 fechado e o eleitor n\u00e3o poder\u00e1 obter os servi\u00e7os.<\/p>\n<\/div>\n<\/div>\n<div class=\"wall protected-content\">\n<div id=\"chunk-3crjj\">\n<div class=\"mc-column content-text active-extra-styles \" data-block-type=\"unstyled\" data-block-weight=\"55\" data-block-id=\"3\">\n<p class=\" content-text__container \" data-track-category=\"Link no Texto\" data-track-links=\"\" data-mrf-recirculation=\"Article links\">Em janeiro e fevereiro deste ano, 895 mil pessoas procuraram a Justi\u00e7a Eleitoral para tirar o primeiro t\u00edtulo de eleitor. No mesmo per\u00edodo, 736,2 mil eleitores pediram para alterar seus dados cadastrais &#8211; como nome, endere\u00e7o e local de vota\u00e7\u00e3o. Outras 640,1 mil pessoas pediram para mudar a cidade ou o estado onde votam.<\/p>\n<\/div>\n<\/div>\n<div id=\"chunk-8fsio\">\n<div class=\"mc-column content-text active-extra-styles \" data-block-type=\"unstyled\" data-block-weight=\"12\" data-block-id=\"4\">\n<p class=\" content-text__container \" data-track-category=\"Link no Texto\" data-track-links=\"\" data-mrf-recirculation=\"Article links\">Os dados fazem parte das estat\u00edsticas do\u00a0Tribunal Superior Eleitoral\u00a0(TSE).<\/p>\n<div id=\"chunk-ahtqq\">\n<div class=\"mc-column content-text active-extra-styles\" data-block-type=\"raw\" data-block-weight=\"3\" data-block-id=\"7\">\n<div class=\"content-intertitle\">\n<h2>Servi\u00e7o pela internet<\/h2>\n<\/div>\n<p>Para conferir se o cadastro eleitoral est\u00e1 regular ou para alterar dados pessoais, o eleitor nem precisa sair de casa, na maior parte dos casos. A p\u00e1gina do Tribunal Superior Eleitoral oferece os servi\u00e7os. Entre eles:<\/p>\n<\/div>\n<\/div>\n<div id=\"chunk-c7om\">\n<div class=\"mc-column content-text active-extra-styles\" data-block-type=\"raw\" data-block-weight=\"43\" data-block-id=\"9\">\n<ul class=\"content-unordered-list\" data-mrf-recirculation=\"Recomendado\">\n<li>acompanhar a solicita\u00e7\u00e3o do novo documento ou da regulariza\u00e7\u00e3o<\/li>\n<li>atualizar dados cadastrais e transferir o t\u00edtulo para outro munic\u00edpio<\/li>\n<li>incluir a identidade de g\u00eanero e o nome social<\/li>\n<li>consultar locais de vota\u00e7\u00e3o e o n\u00famero do t\u00edtulo eleitoral, al\u00e9m de imprimir o documento<\/li>\n<\/ul>\n<p>Caso seja necess\u00e1rio resolver a quest\u00e3o presencialmente, o sistema faz um alerta e indica o cart\u00f3rio eleitoral adequado para o procedimento.<\/p>\n<\/div>\n<\/div>\n<div id=\"chunk-ar9rl\">\n<div class=\"mc-column content-text active-extra-styles\" data-block-type=\"raw\" data-block-weight=\"4\" data-block-id=\"11\">\n<p class=\"content-text__container\" data-mrf-recirculation=\"Article links\"><strong>Primeira via do t\u00edtulo<\/strong><\/p>\n<p>Quem vai votar pela primeira vez nas elei\u00e7\u00f5es deste ano tamb\u00e9m pode solicitar o documento pela internet. Neste grupo, est\u00e3o os jovens entre 16 e 18 anos (voto facultativo) e a partir de 18 anos (voto obrigat\u00f3rio).<\/p>\n<\/div>\n<\/div>\n<div id=\"chunk-cug30\">\n<div class=\"mc-column content-text active-extra-styles \" data-block-type=\"unstyled\" data-block-weight=\"28\" data-block-id=\"13\">\n<p class=\" content-text__container \" data-track-category=\"Link no Texto\" data-track-links=\"\" data-mrf-recirculation=\"Article links\">\u00c9 poss\u00edvel tirar o documento a partir dos 15 anos de idade. O voto, no entanto, s\u00f3 pode ser exercido se a pessoa tiver 16 anos completos.<\/p>\n<\/div>\n<\/div>\n<div id=\"chunk-4kk5c\">\n<div class=\"mc-column content-text active-extra-styles\" data-block-type=\"raw\" data-block-weight=\"4\" data-block-id=\"14\">\n<p class=\"content-text__container\" data-mrf-recirculation=\"Article links\"><strong>Pend\u00eancias afetam o dia-a-dia<\/strong><\/p>\n<p>Os eleitores que n\u00e3o regularizam os t\u00edtulos ter\u00e3o dificuldades com outros documentos e servi\u00e7os p\u00fablicos do dia-a-dia. N\u00e3o podem, por exemplo:<\/p>\n<\/div>\n<\/div>\n<div id=\"chunk-ffqc4\">\n<div class=\"mc-column content-text active-extra-styles\" data-block-type=\"raw\" data-block-weight=\"57\" data-block-id=\"16\">\n<ul class=\"content-unordered-list\" data-mrf-recirculation=\"Recomendado\">\n<li>tirar documentos como passaporte, carteira de identidade; no caso do passaporte, a proibi\u00e7\u00e3o n\u00e3o se aplica ao brasileiro que mora no exterior e precisa do documento para voltar ao pa\u00eds<\/li>\n<li>ingressar em universidade p\u00fablica ou renovar matr\u00edcula em institui\u00e7\u00e3o de ensino superior<\/li>\n<li>assumir cargos comissionados ou efetivos (por aprova\u00e7\u00e3o em concurso p\u00fablico)<\/li>\n<li>obter empr\u00e9stimo em institui\u00e7\u00f5es p\u00fablicas<\/li>\n<\/ul>\n<div id=\"chunk-4lvm0\">\n<div class=\"mc-column content-text active-extra-styles \" data-block-type=\"unstyled\" data-block-weight=\"23\" data-block-id=\"18\">\n<p class=\" content-text__container \" data-track-category=\"Link no Texto\" data-track-links=\"\" data-mrf-recirculation=\"Article links\">Pela legisla\u00e7\u00e3o, tem o t\u00edtulo cancelado quem n\u00e3o vota em tr\u00eas elei\u00e7\u00f5es consecutivas, n\u00e3o paga a multa pela aus\u00eancia ou n\u00e3o se justifica.<\/p>\n<\/div>\n<\/div>\n<div id=\"chunk-801ul\">\n<div class=\"mc-column content-text active-extra-styles\" data-block-type=\"raw\" data-block-weight=\"1\" data-block-id=\"19\">\n<p class=\"content-text__container\" data-mrf-recirculation=\"Article links\"><strong>Elei\u00e7\u00f5es<\/strong><\/p>\n<p>As elei\u00e7\u00f5es deste ano est\u00e3o marcadas para o dia 6 de outubro. Eventual segundo turno vai ocorrer no dia 27 do mesmo m\u00eas, em cidades com mais de 200 mil eleitores. Ser\u00e3o escolhidos prefeitos e vereadores de 5.568 munic\u00edpios do pa\u00eds. Cerca de 156 milh\u00f5es de eleitoras e eleitores est\u00e3o aptos a ir \u00e0s urnas.<\/p>\n<\/div>\n<\/div>\n<div id=\"chunk-f7j62\">\n<div class=\"mc-column content-text active-extra-styles \" data-block-type=\"unstyled\" data-block-weight=\"50\" data-block-id=\"21\">\n<p class=\" content-text__container \" data-track-category=\"Link no Texto\" data-track-links=\"\" data-mrf-recirculation=\"Article links\">Em elei\u00e7\u00f5es municipais, n\u00e3o h\u00e1 voto em tr\u00e2nsito. Ou seja, quem est\u00e1 em uma cidade diferente de seu domic\u00edlio eleitoral n\u00e3o pode participar da vota\u00e7\u00e3o, e ter\u00e1 que justificar a aus\u00eancia. Esse procedimento pode ser feito pelo e-T\u00edtulo, app da Justi\u00e7a Eleitoral, pelo site do TSE ou em cart\u00f3rios eleitorais.<\/p>\n<\/div>\n<p data-track-category=\"Link no Texto\" data-track-links=\"\" data-mrf-recirculation=\"Article links\">Fonte: G1<\/p>\n<\/div>\n<\/div>\n<\/div>\n<\/div>\n<\/div>\n<\/div>\n","protected":false},"excerpt":{"rendered":"<p>Quem tem pend\u00eancias com a Justi\u00e7a Eleitoral, quer alterar dados ou vai tirar a primeira via do t\u00edtulo para participar das elei\u00e7\u00f5es deste ano tem&#8230;<\/p>\n","protected":false},"author":1527,"featured_media":19394,"comment_status":"closed","ping_status":"closed","sticky":false,"template":"","format":"standard","meta":{"footnotes":""},"categories":[6],"tags":[],"class_list":["post-50265","post","type-post","status-publish","format-standard","has-post-thumbnail","hentry","category-noticias"],"_links":{"self":[{"href":"https:\/\/www.sincomam.org.br\/index.php\/wp-json\/wp\/v2\/posts\/50265","targetHints":{"allow":["GET"]}}],"collection":[{"href":"https:\/\/www.sincomam.org.br\/index.php\/wp-json\/wp\/v2\/posts"}],"about":[{"href":"https:\/\/www.sincomam.org.br\/index.php\/wp-json\/wp\/v2\/types\/post"}],"author":[{"embeddable":true,"href":"https:\/\/www.sincomam.org.br\/index.php\/wp-json\/wp\/v2\/users\/1527"}],"replies":[{"embeddable":true,"href":"https:\/\/www.sincomam.org.br\/index.php\/wp-json\/wp\/v2\/comments?post=50265"}],"version-history":[{"count":1,"href":"https:\/\/www.sincomam.org.br\/index.php\/wp-json\/wp\/v2\/posts\/50265\/revisions"}],"predecessor-version":[{"id":50266,"href":"https:\/\/www.sincomam.org.br\/index.php\/wp-json\/wp\/v2\/posts\/50265\/revisions\/50266"}],"wp:featuredmedia":[{"embeddable":true,"href":"https:\/\/www.sincomam.org.br\/index.php\/wp-json\/wp\/v2\/media\/19394"}],"wp:attachment":[{"href":"https:\/\/www.sincomam.org.br\/index.php\/wp-json\/wp\/v2\/media?parent=50265"}],"wp:term":[{"taxonomy":"category","embeddable":true,"href":"https:\/\/www.sincomam.org.br\/index.php\/wp-json\/wp\/v2\/categories?post=50265"},{"taxonomy":"post_tag","embeddable":true,"href":"https:\/\/www.sincomam.org.br\/index.php\/wp-json\/wp\/v2\/tags?post=50265"}],"curies":[{"name":"wp","href":"https:\/\/api.w.org\/{rel}","templated":true}]}}