{"id":50259,"date":"2024-03-08T08:23:56","date_gmt":"2024-03-08T11:23:56","guid":{"rendered":"http:\/\/www.sincomam.org.br\/?p=50259"},"modified":"2024-03-08T08:23:56","modified_gmt":"2024-03-08T11:23:56","slug":"com-a-presenca-do-sistema-transporte-intermodal-2024-acontece-com-recorde-de-expositores","status":"publish","type":"post","link":"https:\/\/www.sincomam.org.br\/index.php\/com-a-presenca-do-sistema-transporte-intermodal-2024-acontece-com-recorde-de-expositores\/","title":{"rendered":"COM A PRESEN\u00c7A DO SISTEMA TRANSPORTE, INTERMODAL 2024 ACONTECE COM RECORDE DE EXPOSITORES"},"content":{"rendered":"<p>A 29\u00aa Intermodal South America, tradicional evento que re\u00fane profissionais e empresas de diversas partes do mundo para discutir as tend\u00eancias de uma das atividades mais estrat\u00e9gicas da atualidade, acontece at\u00e9 esta quinta-feira, 7 de mar\u00e7o, no S\u00e3o Paulo Expo. onde mais de 500 marcas expositoras, de 15 pa\u00edses, apresentam solu\u00e7\u00f5es para toda a cadeia log\u00edstica, de ponta a ponta, fazendo desta edi\u00e7\u00e3o a maior j\u00e1 realizada. A expectativa \u00e9 receber mais de 43 mil profissionais durante os tr\u00eas dias de evento.<\/p>\n<p>O evento, que conta com a participa\u00e7\u00e3o do Sistema Transporte, re\u00fane o ecossistema da log\u00edstica, do transporte de cargas e infraestrutura, al\u00e9m dos desenvolvedores de tecnologia e intelig\u00eancia associada \u00e0 opera\u00e7\u00e3o log\u00edstica, de v\u00e1rios pa\u00edses. A proposta \u00e9 promover interc\u00e2mbio de conhecimento, oportunidades de neg\u00f3cios e o desenvolvimento geral da atividade.<\/p>\n<p>Durante a cerim\u00f4nia de abertura, o presidente do Sistema Transporte, Vander Costa, destacou que a multimodalidade \u00e9, hoje, ferramenta indispens\u00e1vel para superar os desafios que o Brasil enfrentar\u00e1 nos pr\u00f3ximos anos. \u201cA capacidade de integrar diferentes modais de transporte n\u00e3o apenas aumenta a efici\u00eancia da cadeia log\u00edstica, mas tamb\u00e9m contribui para a redu\u00e7\u00e3o de custos e para a sustentabilidade ambiental.\u201d<\/p>\n<p>Vander Costa afirmou que o Sistema Transporte tem trabalhado em prol da multimodalidade e da melhoria da infraestrutura. \u201cPor meio de projetos, pesquisas, iniciativas e a\u00e7\u00f5es junto aos Poderes P\u00fablicos e aos empres\u00e1rios dos mais variados ramos de atua\u00e7\u00e3o, estamos buscando promover a integra\u00e7\u00e3o dos diferentes modais, bem como o desenvolvimento de infraestrutura adequada para suportar essa integra\u00e7\u00e3o\u201d, disse.<\/p>\n<p>Ao ressaltar o momento econ\u00f4mico positivo por que passa o pa\u00eds \u2014 com crescimento do PIB acima da previs\u00e3o e queda dos juros e da infla\u00e7\u00e3o \u2014, o ministro dos Transportes, Renan Filho, declarou que o n\u00famero de participantes da Intermodal reflete essa realidade atual. \u201cEm um pa\u00eds com as dimens\u00f5es continentais como o Brasil, a gente precisar\u00e1 de mais investimento em log\u00edstica, de fortalecimento das institui\u00e7\u00f5es desse setor. S\u00e3o as empresas que podem levar o Brasil a cumprir um papel melhor em log\u00edstica, em transporte rodovi\u00e1rio, ferrovi\u00e1rio, a\u00e9reo e hidrovi\u00e1rio. Que essa feira possa ser a oportunidade para discutir esses cen\u00e1rios e antecipar passos para os investimentos futuros\u201d, declarou.<\/p>\n<p>Nessa mesma linha, o ministro de Portos e Aeroportos, Silvio Costa, ressaltou, em sua fala, o dado da OCDE (Organiza\u00e7\u00e3o para a Coopera\u00e7\u00e3o e Desenvolvimento Econ\u00f4mico) que colocou o Brasil como o segundo pa\u00eds que mais atraiu Investimento Estrangeiro Direto (IED) no primeiro semestre de 2023, atr\u00e1s apenas dos Estados Unidos. \u201cEstou muito animado com o momento que vive a economia brasileira. Em cinco anos, vamos investir mais de 10 bilh\u00f5es no Porto de Santos, em obras como o t\u00fanel de Santos, a perimetral, a dragagem, estacionamento, mobilidade urbana. Al\u00e9m disso, investiremos em energia limpa, navios verdes e no Aeroporto de Guaruj\u00e1, que certamente ajudar\u00e3o no acesso ao porto. No pr\u00f3ximo dia 18 de mar\u00e7o, tamb\u00e9m anunciaremos investimentos na ordem de R$ 2 bilh\u00f5es no aeroporto de Congonhas\u201d, informou.<\/p>\n<p>Por fim, o governador de S\u00e3o Paulo, Tarc\u00edsio de Freitas, destacou que \u00e9 importante celebrar a log\u00edstica e que \u201ca maior Intermodal de todos os tempos \u201c \u00e9 a uma grande oportunidade para conectar a oferta da demanda. \u201cO Brasil passou por reformas profundas e, nos \u00faltimos anos, tem contratado investimentos em infraestrutura, que come\u00e7ar\u00e3o a surtir efeitos.\u201d<\/p>\n<p>&nbsp;<\/p>\n<p>Fonte: Informativo dos Portos<\/p>\n","protected":false},"excerpt":{"rendered":"<p>A 29\u00aa Intermodal South America, tradicional evento que re\u00fane profissionais e empresas de diversas partes do mundo para discutir as tend\u00eancias de uma das atividades&#8230;<\/p>\n","protected":false},"author":1527,"featured_media":50260,"comment_status":"closed","ping_status":"closed","sticky":false,"template":"","format":"standard","meta":{"footnotes":""},"categories":[6],"tags":[],"class_list":["post-50259","post","type-post","status-publish","format-standard","has-post-thumbnail","hentry","category-noticias"],"_links":{"self":[{"href":"https:\/\/www.sincomam.org.br\/index.php\/wp-json\/wp\/v2\/posts\/50259","targetHints":{"allow":["GET"]}}],"collection":[{"href":"https:\/\/www.sincomam.org.br\/index.php\/wp-json\/wp\/v2\/posts"}],"about":[{"href":"https:\/\/www.sincomam.org.br\/index.php\/wp-json\/wp\/v2\/types\/post"}],"author":[{"embeddable":true,"href":"https:\/\/www.sincomam.org.br\/index.php\/wp-json\/wp\/v2\/users\/1527"}],"replies":[{"embeddable":true,"href":"https:\/\/www.sincomam.org.br\/index.php\/wp-json\/wp\/v2\/comments?post=50259"}],"version-history":[{"count":1,"href":"https:\/\/www.sincomam.org.br\/index.php\/wp-json\/wp\/v2\/posts\/50259\/revisions"}],"predecessor-version":[{"id":50261,"href":"https:\/\/www.sincomam.org.br\/index.php\/wp-json\/wp\/v2\/posts\/50259\/revisions\/50261"}],"wp:featuredmedia":[{"embeddable":true,"href":"https:\/\/www.sincomam.org.br\/index.php\/wp-json\/wp\/v2\/media\/50260"}],"wp:attachment":[{"href":"https:\/\/www.sincomam.org.br\/index.php\/wp-json\/wp\/v2\/media?parent=50259"}],"wp:term":[{"taxonomy":"category","embeddable":true,"href":"https:\/\/www.sincomam.org.br\/index.php\/wp-json\/wp\/v2\/categories?post=50259"},{"taxonomy":"post_tag","embeddable":true,"href":"https:\/\/www.sincomam.org.br\/index.php\/wp-json\/wp\/v2\/tags?post=50259"}],"curies":[{"name":"wp","href":"https:\/\/api.w.org\/{rel}","templated":true}]}}