{"id":50250,"date":"2024-03-08T08:20:14","date_gmt":"2024-03-08T11:20:14","guid":{"rendered":"http:\/\/www.sincomam.org.br\/?p=50250"},"modified":"2024-03-08T08:20:14","modified_gmt":"2024-03-08T11:20:14","slug":"cobranca-de-armazenagem-adicional-sera-feita-com-base-em-criterios-pre-estabelecidos-pela-antaq","status":"publish","type":"post","link":"https:\/\/www.sincomam.org.br\/index.php\/cobranca-de-armazenagem-adicional-sera-feita-com-base-em-criterios-pre-estabelecidos-pela-antaq\/","title":{"rendered":"Cobran\u00e7a de armazenagem adicional ser\u00e1 feita com base em crit\u00e9rios pr\u00e9-estabelecidos pela Antaq"},"content":{"rendered":"<p>A Diretoria Colegiada da Ag\u00eancia Nacional de Transportes Aquavi\u00e1rios (Antaq) aprovou, nesta quinta-feira (7), em reuni\u00e3o de diretoria, uma matriz de responsabilidade para identificar quando ser\u00e1 feita a cobran\u00e7a pela armazenagem adicional de carga nas instala\u00e7\u00f5es portu\u00e1rias.<\/p>\n<p>Com isso, fica estabelecido que em alguns casos definidos anteriormente a cobran\u00e7a de armazenagem adicional ser\u00e1 feita para o usu\u00e1rio e em algumas ocasi\u00f5es o risco ficar\u00e1 com a instala\u00e7\u00e3o portu\u00e1ria, o operador portu\u00e1rio ou com o transporte mar\u00edtimo \u2014 seja ele efetivo ou n\u00e3o.<\/p>\n<p>A delibera\u00e7\u00e3o altera a Resolu\u00e7\u00e3o Antaq n\u00ba 62\/2021, que estabelece as regras sobre os direitos e deveres dos usu\u00e1rios, dos agentes intermedi\u00e1rios e das empresas que operam nas navega\u00e7\u00f5es de apoio mar\u00edtimo, apoio portu\u00e1rio, cabotagem e longo curso, e estabelece infra\u00e7\u00f5es administrativas.<\/p>\n<p>A ag\u00eancia construiu e estabeleceu as diretrizes dessa matriz ap\u00f3s fazer uma mapeamento de quais eventos causadores da armazenagem adicional acontecem com mais frequ\u00eancia e a partir das contribui\u00e7\u00f5es feitas durante o processo de participa\u00e7\u00e3o social.<\/p>\n<p>No entanto, a diretora relatora do processo, Fl\u00e1via Takafashi, ressaltou que \u201cpodem ter situa\u00e7\u00f5es espec\u00edficas n\u00e3o trazidas na matriz ou que, embora sejam situa\u00e7\u00f5es que est\u00e3o contempladas, ser\u00e3o tratados caso a caso pela ag\u00eancia\u201d.<\/p>\n<p>Durante a vota\u00e7\u00e3o, o diretor-geral da Antaq, Eduardo Nery, sugeriu que seja incorporado ao voto a elabora\u00e7\u00e3o de um manual de como ser\u00e1 feita a fiscaliza\u00e7\u00e3o dessa cobran\u00e7a, o que foi acatado.<\/p>\n<p>COBRAN\u00c7A PARA O USU\u00c1RIO<\/p>\n<p>Fica estabelecido que o usu\u00e1rio \u2014 que \u00e9 o detentor da carga \u2014 ter\u00e1 que fazer o pagamento armazenagem adicional nos seguintes cen\u00e1rios:<\/p>\n<p>NOS CASOS DE ATRASO NA ENTRADA DA CARGA NA INSTALA\u00c7\u00c3O PORTU\u00c1RIA<\/p>\n<p>\u2022 Problemas log\u00edsticos rodovi\u00e1rios, como acidentes, congestionamentos, bloqueios, planejamento log\u00edstico.<\/p>\n<p>\u2022 Greve de caminhoneiros.<\/p>\n<p>NOS CASOS DE ATRASO PARA EMBARQUE DA CARGA QUE EST\u00c1 ARMAZENADA<\/p>\n<p>\u2022 Greve ou outros movimentos de servidores da Receita Federal ou outros \u00f3rg\u00e3os intervenientes.<\/p>\n<p>\u2022 Atua\u00e7\u00e3o da administra\u00e7\u00e3o p\u00fablica (restri\u00e7\u00f5es aduaneiras e sanit\u00e1rias), ou n\u00e3o embarque por decis\u00e3o do usu\u00e1rio.<\/p>\n<p>NOS CASOS DE ATRASO PARA RETIRADA DA CARGA NA INSTALA\u00c7\u00c3O PORTU\u00c1RIA<\/p>\n<p>\u2022 Greve de caminhoneiros.<\/p>\n<p>\u2022 Atua\u00e7\u00e3o da administra\u00e7\u00e3o p\u00fablica (restri\u00e7\u00f5es aduaneiras e sanit\u00e1rias).<\/p>\n<p>\u2022 Greve ou outros movimentos de servidores da Receita Federal ou outros \u00f3rg\u00e3os intervenientes.<\/p>\n<p>\u2022 Problemas log\u00edsticos rodovi\u00e1rios, como acidentes, congestionamentos, bloqueios, planejamento log\u00edstico.<\/p>\n<p>ISEN\u00c7\u00c3O DO VALOR PARA O USU\u00c1RIO<\/p>\n<p>NOS CASOS DE ATRASO NA ENTRADA DA CARGA NA INSTALA\u00c7\u00c3O PORTU\u00c1RIA<\/p>\n<p>\u2022 Gest\u00e3o log\u00edstica do gate do terminal.<\/p>\n<p>NOS CASOS DE ATRASO PARA EMBARQUE DA CARGA QUE EST\u00c1 ARMAZENADA<\/p>\n<p>\u2022 Problemas t\u00e9cnicos da instala\u00e7\u00e3o portu\u00e1ria (sistema, equipamentos).<\/p>\n<p>\u2022 Problemas t\u00e9cnicos do operador portu\u00e1rio, quando as opera\u00e7\u00f5es ocorrem na infraestrutura comum do porto organizado.<\/p>\n<p>\u2022 Corte de carga por decis\u00e3o do operador portu\u00e1rio, quando as opera\u00e7\u00f5es ocorrem na infraestrutura comum do porto organizado.<\/p>\n<p>\u2022 Indisponibilidade de ber\u00e7o dentro da janela de atraca\u00e7\u00e3o (dragagem de ber\u00e7o, atraso do navio precedente, baixa produtividade.<\/p>\n<p>\u2022 Ajustes na gest\u00e3o n\u00e1utica (planning, schedule, intemp\u00e9ries, varia\u00e7\u00e3o de mar\u00e9, descasamento do ETA (tempo estimado de embarque, em portugu\u00eas) \u00e0 janela de atraca\u00e7\u00e3o pr\u00e9-estabelecida, etc\u2026)<\/p>\n<p>\u2022 Atraso na chegada do navio ao porto, devido \u00e0 gest\u00e3o n\u00e1utica, acidentes ou problemas t\u00e9cnicos no percurso, aventura mar\u00edtima, atraso em portos anteriores, informa\u00e7\u00e3o errada de ETA de acordo com a janela de atraca\u00e7\u00e3o pr\u00e9-estabelecida.<\/p>\n<p>\u2022 Ajustes na gest\u00e3o comercial (overbooking, corte de carga, quebra de lote\/cut&amp;run)<\/p>\n<p>\u2022 Corte de carga por decis\u00e3o de instala\u00e7\u00e3o portu\u00e1ria.<\/p>\n<p>\u2022 Problemas t\u00e9cnicos na embarca\u00e7\u00e3o.<\/p>\n<p>\u2022 Omiss\u00e3o de escala ou interrup\u00e7\u00e3o abrupta da opera\u00e7\u00e3o de entrada da embarca\u00e7\u00e3o (inclusive se causados por problemas de acesso ao canal do porto).<\/p>\n<p>NOS CASOS DE ATRASO PARA RETIRADA DA CARGA NA INSTALA\u00c7\u00c3O PORTU\u00c1RIA<\/p>\n<p>\u2022 Problemas t\u00e9cnicos da instala\u00e7\u00e3o portu\u00e1ria (sistema, equipamentos).<\/p>\n<p>\u2022 Problemas t\u00e9cnicos do operador portu\u00e1rio, quando as opera\u00e7\u00f5es ocorrem na infraestrutura comum do porto organizado.<\/p>\n<p>Fonte: Portos e Navios<\/p>\n","protected":false},"excerpt":{"rendered":"<p>A Diretoria Colegiada da Ag\u00eancia Nacional de Transportes Aquavi\u00e1rios (Antaq) aprovou, nesta quinta-feira (7), em reuni\u00e3o de diretoria, uma matriz de responsabilidade para identificar quando&#8230;<\/p>\n","protected":false},"author":1527,"featured_media":50251,"comment_status":"closed","ping_status":"closed","sticky":false,"template":"","format":"standard","meta":{"footnotes":""},"categories":[6],"tags":[],"class_list":["post-50250","post","type-post","status-publish","format-standard","has-post-thumbnail","hentry","category-noticias"],"_links":{"self":[{"href":"https:\/\/www.sincomam.org.br\/index.php\/wp-json\/wp\/v2\/posts\/50250","targetHints":{"allow":["GET"]}}],"collection":[{"href":"https:\/\/www.sincomam.org.br\/index.php\/wp-json\/wp\/v2\/posts"}],"about":[{"href":"https:\/\/www.sincomam.org.br\/index.php\/wp-json\/wp\/v2\/types\/post"}],"author":[{"embeddable":true,"href":"https:\/\/www.sincomam.org.br\/index.php\/wp-json\/wp\/v2\/users\/1527"}],"replies":[{"embeddable":true,"href":"https:\/\/www.sincomam.org.br\/index.php\/wp-json\/wp\/v2\/comments?post=50250"}],"version-history":[{"count":1,"href":"https:\/\/www.sincomam.org.br\/index.php\/wp-json\/wp\/v2\/posts\/50250\/revisions"}],"predecessor-version":[{"id":50252,"href":"https:\/\/www.sincomam.org.br\/index.php\/wp-json\/wp\/v2\/posts\/50250\/revisions\/50252"}],"wp:featuredmedia":[{"embeddable":true,"href":"https:\/\/www.sincomam.org.br\/index.php\/wp-json\/wp\/v2\/media\/50251"}],"wp:attachment":[{"href":"https:\/\/www.sincomam.org.br\/index.php\/wp-json\/wp\/v2\/media?parent=50250"}],"wp:term":[{"taxonomy":"category","embeddable":true,"href":"https:\/\/www.sincomam.org.br\/index.php\/wp-json\/wp\/v2\/categories?post=50250"},{"taxonomy":"post_tag","embeddable":true,"href":"https:\/\/www.sincomam.org.br\/index.php\/wp-json\/wp\/v2\/tags?post=50250"}],"curies":[{"name":"wp","href":"https:\/\/api.w.org\/{rel}","templated":true}]}}