{"id":50242,"date":"2024-03-07T08:16:10","date_gmt":"2024-03-07T11:16:10","guid":{"rendered":"http:\/\/www.sincomam.org.br\/?p=50242"},"modified":"2024-03-07T08:22:03","modified_gmt":"2024-03-07T11:22:03","slug":"mundo-tem-o-9o-mes-consecutivo-de-recorde-de-calor-e-temperatura-nos-oceanos-e-a-mais-alta-ja-registrada","status":"publish","type":"post","link":"https:\/\/www.sincomam.org.br\/index.php\/mundo-tem-o-9o-mes-consecutivo-de-recorde-de-calor-e-temperatura-nos-oceanos-e-a-mais-alta-ja-registrada\/","title":{"rendered":"Mundo tem o 9\u00ba m\u00eas consecutivo de recorde de calor e temperatura nos oceanos \u00e9 a mais alta j\u00e1 registrada"},"content":{"rendered":"<p>Fevereiro de 2024 marcou o\u00a0nono m\u00eas consecutivo\u00a0de recordes de calor na Terra, anunciaram cientistas do observat\u00f3rio europeu Copernicus nesta quinta-feira (7). O dado considera a temperatura m\u00e9dia do ar. Mas al\u00e9m das medi\u00e7\u00f5es na atmosfera, os cientistas tamb\u00e9m verificaram recordes no oceano.<\/p>\n<p>Desde junho de 2023, temos registrado um m\u00eas mais quente a cada novo per\u00edodo. Um dado preocupante que ilustra claramente que vivemos uma emerg\u00eancia clim\u00e1tica, ou uma &#8220;era de fervura global&#8221;,\u00a0como definiu secret\u00e1rio-geral da ONU, Ant\u00f3nio Guterres.<\/p>\n<div id=\"chunk-8j6no\">\n<div class=\"mc-column content-text active-extra-styles \" data-block-type=\"unstyled\" data-block-weight=\"50\" data-block-id=\"7\">\n<p class=\" content-text__container \" data-track-category=\"Link no Texto\" data-track-links=\"\" data-mrf-recirculation=\"Article links\">Ainda de acordo com o observat\u00f3rio, fevereiro de 2024 foi o fevereiro mais quente j\u00e1 registrado globalmente porque teve uma temperatura m\u00e9dia do ar de superf\u00edcie de\u00a013,54\u00b0C, o que equivale a 0,81\u00b0C acima da m\u00e9dia de fevereiro de 1991-2020 e 0,12\u00b0C acima do recorde anterior, em fevereiro de 2016.<\/p>\n<\/div>\n<\/div>\n<div id=\"chunk-bd8ni\">\n<div class=\"mc-column content-text active-extra-styles \" data-block-type=\"unstyled\" data-block-weight=\"37\" data-block-id=\"8\">\n<p class=\" content-text__container \" data-track-category=\"Link no Texto\" data-track-links=\"\" data-mrf-recirculation=\"Article links\">Al\u00e9m disso,\u00a0a temperatura m\u00e9dia global nos \u00faltimos doze meses (mar\u00e7o de 2023 &#8211; fevereiro de 2024) \u00e9 a mais alta j\u00e1 registrada, 0,68\u00b0C acima da m\u00e9dia de 1991-2020 e 1,56\u00b0C acima da m\u00e9dia pr\u00e9-industrial de 1850-1900.<\/p>\n<\/div>\n<\/div>\n<div id=\"chunk-ao01r\">\n<div class=\"row medium-uncollapsed content-media content-photo\" data-block-type=\"backstage-photo\" data-block-id=\"9\">\n<div class=\" mc-column content-media__container\">\n<div class=\"content-media-container glb-skeleton-box\">\n<div id=\"chunk-idbu\">\n<div class=\"mc-column content-text active-extra-styles\" data-block-type=\"raw\" data-block-weight=\"3\" data-block-id=\"10\">\n<div class=\"content-intertitle\">\n<h2>Recordes no oceano<\/h2>\n<\/div>\n<p>Nos mares, a situa\u00e7\u00e3o tamb\u00e9m \u00e9 preocupante. Tamb\u00e9m segundo o observat\u00f3rio europeu, a temperatura m\u00e9dia da superf\u00edcie do mar global para fevereiro atingiu 21,06\u00b0C, um recorde quando comparado com qualquer m\u00eas do conjunto de dados do Copernicus.<\/p>\n<\/div>\n<\/div>\n<\/div>\n<\/div>\n<\/div>\n<\/div>\n<div class=\"tag-manager-publicidade-container mc-has-reveal mc-has-ad-lazyload tag-manager-publicidade-banner_materia__423105ef-a3bb-427c-b8be-dc95933dc164 tag-manager-publicidade-container--carregado tag-manager-publicidade-container--visivel\" data-id=\"banner_materia__423105ef-a3bb-427c-b8be-dc95933dc164\" data-google-query-id=\"CLzLvOeC4oQDFY9V3QIdsxsGnQ\">\n<div id=\"chunk-3vc7d\">\n<div class=\"mc-column content-text active-extra-styles \" data-block-type=\"unstyled\" data-block-weight=\"12\" data-block-id=\"13\">\n<p class=\" content-text__container \" data-track-category=\"Link no Texto\" data-track-links=\"\" data-mrf-recirculation=\"Article links\">O n\u00famero\u00a0ficou acima do recorde anterior de agosto de 2023 (20,98\u00b0C).<\/p>\n<\/div>\n<\/div>\n<div id=\"chunk-5fdqm\">\n<div class=\"mc-column content-text active-extra-styles \" data-block-type=\"unstyled\" data-block-weight=\"26\" data-block-id=\"14\">\n<p class=\" content-text__container \" data-track-category=\"Link no Texto\" data-track-links=\"\" data-mrf-recirculation=\"Article links\">Fora isso, a temperatura m\u00e9dia di\u00e1ria da superf\u00edcie do mar global atingiu um\u00a0novo m\u00e1ximo absoluto\u00a0de\u00a021,09\u00b0C\u00a0no final do m\u00eas<em>.<\/em><\/p>\n<\/div>\n<\/div>\n<div id=\"chunk-f9rv7\">\n<div class=\"mc-column content-text active-extra-styles \" data-block-type=\"unstyled\" data-block-weight=\"34\" data-block-id=\"15\">\n<p class=\" content-text__container \" data-track-category=\"Link no Texto\" data-track-links=\"\" data-mrf-recirculation=\"Article links\">&#8220;O clima responde \u00e0s concentra\u00e7\u00f5es reais de gases com efeito de estufa na atmosfera, pelo que, a menos que consigamos estabiliz\u00e1-los, enfrentaremos inevitavelmente novos recordes de temperatura global e as suas consequ\u00eancias\u201d, acrescentou Buontempo.<\/p>\n<\/div>\n<\/div>\n<div id=\"chunk-5hkp6\">\n<div class=\"mc-column content-text active-extra-styles\" data-block-type=\"raw\" data-block-weight=\"3\" data-block-id=\"16\">\n<p class=\"content-text__container\" data-mrf-recirculation=\"Article links\"><strong>Lista de recordes<\/strong><\/p>\n<p>A marca de temperatura de fevereiro se soma \u00e0 lista de recordes globais de calor neste e no \u00faltimo ano:<\/p>\n<\/div>\n<\/div>\n<div id=\"chunk-3fnaf\">\n<div class=\"mc-column content-text active-extra-styles\" data-block-type=\"raw\" data-block-weight=\"113\" data-block-id=\"18\">\n<ul class=\"content-unordered-list\" data-mrf-recirculation=\"Recomendado\">\n<li>Primeiro, o planeta registrou o m\u00eas de\u00a0junho mais quente da hist\u00f3ria.<\/li>\n<li>Depois, a marca foi sendo quebrada a cada novo m\u00eas:\u00a0julho,\u00a0agosto,\u00a0setembro,\u00a0outubro, novembro, dezembro, janeiro e agora fevereiro.<\/li>\n<li>Al\u00e9m disso, o n\u00famero de dias que\u00a0ultrapassou o limiar de\u00a0aquecimento politicamente significativo de 1,5\u00baC\u00a0j\u00e1 atingiu um novo m\u00e1ximo, muito antes do final de 2023.<\/li>\n<li>E, para piorar, pela 1\u00aa vez, o mundo registrou um dia com a\u00a0temperatura m\u00e9dia global 2\u00b0C acima da era pr\u00e9-industrial.<\/li>\n<li>Fora tudo isso, julho de 2023 foi t\u00e3o quente\u00a0que pode ter sido o m\u00eas mais quente em 120 mil anos, enquanto as temperaturas m\u00e9dias de setembro quebraram o recorde anterior em 0,5\u00b0C.<\/li>\n<\/ul>\n<p>Fonte: G1<\/p>\n<\/div>\n<\/div>\n<div id=\"chunk-bu9be\">\n<div class=\"content-ads content-ads--reveal\" data-block-type=\"ads\" data-block-id=\"19\">\n<div id=\"banner_materia__b73da2cc-b26c-412f-b484-7fc5d282ecd2\" class=\"tag-manager-publicidade-container mc-has-reveal mc-has-ad-lazyload tag-manager-publicidade-banner_materia__b73da2cc-b26c-412f-b484-7fc5d282ecd2 tag-manager-publicidade-container--carregado tag-manager-publicidade-container--visivel\" data-id=\"banner_materia__b73da2cc-b26c-412f-b484-7fc5d282ecd2\" data-google-query-id=\"CMqP_-6C4oQDFStN3QIdq1QCew\"><\/div>\n<\/div>\n<\/div>\n<\/div>\n<div data-id=\"banner_materia__423105ef-a3bb-427c-b8be-dc95933dc164\" data-google-query-id=\"CLzLvOeC4oQDFY9V3QIdsxsGnQ\"><\/div>\n<div data-id=\"banner_materia__423105ef-a3bb-427c-b8be-dc95933dc164\" data-google-query-id=\"CLzLvOeC4oQDFY9V3QIdsxsGnQ\"><\/div>\n<div data-id=\"banner_materia__423105ef-a3bb-427c-b8be-dc95933dc164\" data-google-query-id=\"CLzLvOeC4oQDFY9V3QIdsxsGnQ\"><\/div>\n<div data-id=\"banner_materia__423105ef-a3bb-427c-b8be-dc95933dc164\" data-google-query-id=\"CLzLvOeC4oQDFY9V3QIdsxsGnQ\"><\/div>\n","protected":false},"excerpt":{"rendered":"<p>Fevereiro de 2024 marcou o\u00a0nono m\u00eas consecutivo\u00a0de recordes de calor na Terra, anunciaram cientistas do observat\u00f3rio europeu Copernicus nesta quinta-feira (7). O dado considera a&#8230;<\/p>\n","protected":false},"author":1527,"featured_media":50246,"comment_status":"closed","ping_status":"closed","sticky":false,"template":"","format":"standard","meta":{"footnotes":""},"categories":[6],"tags":[],"class_list":["post-50242","post","type-post","status-publish","format-standard","has-post-thumbnail","hentry","category-noticias"],"_links":{"self":[{"href":"https:\/\/www.sincomam.org.br\/index.php\/wp-json\/wp\/v2\/posts\/50242","targetHints":{"allow":["GET"]}}],"collection":[{"href":"https:\/\/www.sincomam.org.br\/index.php\/wp-json\/wp\/v2\/posts"}],"about":[{"href":"https:\/\/www.sincomam.org.br\/index.php\/wp-json\/wp\/v2\/types\/post"}],"author":[{"embeddable":true,"href":"https:\/\/www.sincomam.org.br\/index.php\/wp-json\/wp\/v2\/users\/1527"}],"replies":[{"embeddable":true,"href":"https:\/\/www.sincomam.org.br\/index.php\/wp-json\/wp\/v2\/comments?post=50242"}],"version-history":[{"count":1,"href":"https:\/\/www.sincomam.org.br\/index.php\/wp-json\/wp\/v2\/posts\/50242\/revisions"}],"predecessor-version":[{"id":50244,"href":"https:\/\/www.sincomam.org.br\/index.php\/wp-json\/wp\/v2\/posts\/50242\/revisions\/50244"}],"wp:featuredmedia":[{"embeddable":true,"href":"https:\/\/www.sincomam.org.br\/index.php\/wp-json\/wp\/v2\/media\/50246"}],"wp:attachment":[{"href":"https:\/\/www.sincomam.org.br\/index.php\/wp-json\/wp\/v2\/media?parent=50242"}],"wp:term":[{"taxonomy":"category","embeddable":true,"href":"https:\/\/www.sincomam.org.br\/index.php\/wp-json\/wp\/v2\/categories?post=50242"},{"taxonomy":"post_tag","embeddable":true,"href":"https:\/\/www.sincomam.org.br\/index.php\/wp-json\/wp\/v2\/tags?post=50242"}],"curies":[{"name":"wp","href":"https:\/\/api.w.org\/{rel}","templated":true}]}}