{"id":50236,"date":"2024-03-07T08:11:27","date_gmt":"2024-03-07T11:11:27","guid":{"rendered":"http:\/\/www.sincomam.org.br\/?p=50236"},"modified":"2024-03-07T08:11:27","modified_gmt":"2024-03-07T11:11:27","slug":"dengue-tres-estados-e-df-ampliam-idade-de-vacinacao-para-12-a-14-anos","status":"publish","type":"post","link":"https:\/\/www.sincomam.org.br\/index.php\/dengue-tres-estados-e-df-ampliam-idade-de-vacinacao-para-12-a-14-anos\/","title":{"rendered":"Dengue: tr\u00eas estados e DF ampliam idade de vacina\u00e7\u00e3o para 12 a 14 anos"},"content":{"rendered":"<p>Acre, Distrito Federal, Goi\u00e1s e Mato Grosso do Sul ampliaram a faixa et\u00e1ria de imuniza\u00e7\u00e3o contra a dengue para 14 anos. Inicialmente, os estados haviam chamado apenas crian\u00e7as de 10 e 11 anos, j\u00e1 que o n\u00famero de doses \u00e9 limitado.<img decoding=\"async\" src=\"https:\/\/agenciabrasil.ebc.com.br\/ebc.png?id=1584457&amp;o=node\" \/><img decoding=\"async\" src=\"https:\/\/agenciabrasil.ebc.com.br\/ebc.gif?id=1584457&amp;o=node\" \/><\/p>\n<p>Diante da baixa procura pela vacina\u00e7\u00e3o nos postos de sa\u00fade, alguns governadores optaram por chamar tamb\u00e9m adolescentes de 12 a 14 anos, conforme p\u00fablico-alvo definido pelo Minist\u00e9rio da Sa\u00fade.<\/p>\n<p>O Acre ampliou a vacina\u00e7\u00e3o em raz\u00e3o do baixo n\u00famero de doses aplicadas e, consequentemente, do grande estoque nos munic\u00edpios selecionados. A vacina segue sendo distribu\u00edda para crian\u00e7as de 10 e 11 anos. Caso a procura continue baixa, a Secretaria de Sa\u00fade informou que vai enviar ao governo federal uma solicita\u00e7\u00e3o de extens\u00e3o da vacina\u00e7\u00e3o para as outras regionais de sa\u00fade do estado.<\/p>\n<p>No Distrito Federal, a vacina\u00e7\u00e3o de adolescentes de 12 a 14 anos come\u00e7ou nesta ter\u00e7a-feira (5). De acordo com a Secretaria de Sa\u00fade, 81 salas de vacina\u00e7\u00e3o foram preparadas para atender o grupo. A imuniza\u00e7\u00e3o contra a dengue segue aberta para crian\u00e7as de 10 e 11 anos. A pasta recebeu 71.702 doses e, at\u00e9 o \u00faltimo s\u00e1bado (2), apenas 25.310 haviam sido aplicadas, sendo que a data de validade do imunizante \u00e9 30 de abril.<\/p>\n<p>Em Goi\u00e1s, a amplia\u00e7\u00e3o da faixa et\u00e1ria foi feita na semana passada. Em nota, a Secretaria de Sa\u00fade informou que a decis\u00e3o foi tomada em raz\u00e3o da \u201cpreocupante baixa na procura pelo imunizante\u201d. A pasta distribuiu 158.505 doses para 134 munic\u00edpios selecionados pelo governo federal e, at\u00e9 o \u00faltimo dia 29, apenas 20.753 crian\u00e7as haviam sido imunizadas, o equivalente a 13% da popula\u00e7\u00e3o-alvo.<\/p>\n<p>O Mato Grosso do Sul ampliou a faixa et\u00e1ria ap\u00f3s reuni\u00e3o com representantes do Programa Nacional de Imuniza\u00e7\u00f5es (PNI). De acordo com a Secretaria de Sa\u00fade, estados que se sentirem confort\u00e1veis para fazer a amplia\u00e7\u00e3o receberam autoriza\u00e7\u00e3o do governo federal para faz\u00ea-lo. A imuniza\u00e7\u00e3o contra a dengue no Mato Grosso do Sul segue aberta para crian\u00e7as de 10 e 11 anos.<\/p>\n<h2>Alerta aos pais<\/h2>\n<p>H\u00e1 mais de 15 anos, a pediatra Nat\u00e1lia Bastos atende desde pacientes rec\u00e9m-nascidos a adolescentes na capital federal. Em entrevista \u00e0\u00a0<strong>Ag\u00eancia Brasil<\/strong>, ela destacou que h\u00e1 uma explos\u00e3o de casos de dengue e que os pais precisam ter cautela.<\/p>\n<p>\u201cGostaria de emitir esse alerta pedindo aos pais que n\u00e3o vacinaram que procurem a sala de vacina para fazerem a Qdenga [vacina contra a dengue]. \u00c9 uma vacina feita com o v\u00edrus atenuado, uma vacina muito segura. Est\u00e1 sendo desenvolvida pelo laborat\u00f3rio Takeda desde antes da covid-19, antes da pandemia. Ent\u00e3o, n\u00e3o \u00e9 uma vacina nova, n\u00e3o \u00e9 uma vacina que foi desenvolvida \u00e0s pressas. J\u00e1 existem v\u00e1rios estudos e ela passou por todas as etapas.\u201d<\/p>\n<p>Nat\u00e1lia destacou que o esquema vacinal completo da Qdenga, com duas doses, garante cerca de 80% de efic\u00e1cia e que os efeitos colaterais, inclusive em crian\u00e7as, s\u00e3o pequenos \u2013 sobretudo quando comparados aos que uma infec\u00e7\u00e3o por dengue pode causar.<\/p>\n<p>\u201cCom uma dose, voc\u00ea tem, geralmente, efeitos colaterais imediatos muito leves e, com 10 dias, algumas manchas no corpo ou alguma dor no corpo. Mesmo assim, s\u00e3o poucos sintomas tendo em vista o que um quadro de dengue pode causar numa crian\u00e7a ou num adulto.\u201d<\/p>\n<p>Fonte: Ag\u00eancia Brasil<\/p>\n","protected":false},"excerpt":{"rendered":"<p>Acre, Distrito Federal, Goi\u00e1s e Mato Grosso do Sul ampliaram a faixa et\u00e1ria de imuniza\u00e7\u00e3o contra a dengue para 14 anos. Inicialmente, os estados haviam&#8230;<\/p>\n","protected":false},"author":1527,"featured_media":50237,"comment_status":"closed","ping_status":"closed","sticky":false,"template":"","format":"standard","meta":{"footnotes":""},"categories":[6],"tags":[],"class_list":["post-50236","post","type-post","status-publish","format-standard","has-post-thumbnail","hentry","category-noticias"],"_links":{"self":[{"href":"https:\/\/www.sincomam.org.br\/index.php\/wp-json\/wp\/v2\/posts\/50236","targetHints":{"allow":["GET"]}}],"collection":[{"href":"https:\/\/www.sincomam.org.br\/index.php\/wp-json\/wp\/v2\/posts"}],"about":[{"href":"https:\/\/www.sincomam.org.br\/index.php\/wp-json\/wp\/v2\/types\/post"}],"author":[{"embeddable":true,"href":"https:\/\/www.sincomam.org.br\/index.php\/wp-json\/wp\/v2\/users\/1527"}],"replies":[{"embeddable":true,"href":"https:\/\/www.sincomam.org.br\/index.php\/wp-json\/wp\/v2\/comments?post=50236"}],"version-history":[{"count":1,"href":"https:\/\/www.sincomam.org.br\/index.php\/wp-json\/wp\/v2\/posts\/50236\/revisions"}],"predecessor-version":[{"id":50238,"href":"https:\/\/www.sincomam.org.br\/index.php\/wp-json\/wp\/v2\/posts\/50236\/revisions\/50238"}],"wp:featuredmedia":[{"embeddable":true,"href":"https:\/\/www.sincomam.org.br\/index.php\/wp-json\/wp\/v2\/media\/50237"}],"wp:attachment":[{"href":"https:\/\/www.sincomam.org.br\/index.php\/wp-json\/wp\/v2\/media?parent=50236"}],"wp:term":[{"taxonomy":"category","embeddable":true,"href":"https:\/\/www.sincomam.org.br\/index.php\/wp-json\/wp\/v2\/categories?post=50236"},{"taxonomy":"post_tag","embeddable":true,"href":"https:\/\/www.sincomam.org.br\/index.php\/wp-json\/wp\/v2\/tags?post=50236"}],"curies":[{"name":"wp","href":"https:\/\/api.w.org\/{rel}","templated":true}]}}