{"id":50227,"date":"2024-03-07T08:08:20","date_gmt":"2024-03-07T11:08:20","guid":{"rendered":"http:\/\/www.sincomam.org.br\/?p=50227"},"modified":"2024-03-07T08:08:20","modified_gmt":"2024-03-07T11:08:20","slug":"concurso-da-marinha-abre-caminho-para-novas-carreiras","status":"publish","type":"post","link":"https:\/\/www.sincomam.org.br\/index.php\/concurso-da-marinha-abre-caminho-para-novas-carreiras\/","title":{"rendered":"Concurso da Marinha Abre caminho para Novas Carreiras"},"content":{"rendered":"<p>A\u00a0Marinha do Brasil (MB)\u00a0marca mais um passo significativo na busca por profissionais altamente qualificados ao anunciar a abertura de concursos p\u00fablicos para o preenchimento de 57 vagas destinadas a Oficiais de carreira.<\/p>\n<p><a href=\"https:\/\/www.sincomam.org.br\/wp-content\/uploads\/2024\/03\/image_2024-03-06_053924696.png\"><img decoding=\"async\" class=\"alignleft size-medium wp-image-50228\" src=\"https:\/\/www.sincomam.org.br\/wp-content\/uploads\/2024\/03\/image_2024-03-06_053924696-300x154.png\" alt=\"\" width=\"300\" height=\"154\" srcset=\"https:\/\/www.sincomam.org.br\/wp-content\/uploads\/2024\/03\/image_2024-03-06_053924696-300x154.png 300w, https:\/\/www.sincomam.org.br\/wp-content\/uploads\/2024\/03\/image_2024-03-06_053924696.png 626w\" sizes=\"(max-width: 300px) 100vw, 300px\" \/><\/a><\/p>\n<p>&nbsp;<\/p>\n<p>&nbsp;<\/p>\n<p>&nbsp;<\/p>\n<p>&nbsp;<\/p>\n<p>&nbsp;<\/p>\n<p><a href=\"https:\/\/www.sincomam.org.br\/wp-content\/uploads\/2024\/03\/image_2024-03-06_053955302.png\"><img decoding=\"async\" class=\"alignleft size-medium wp-image-50229\" src=\"https:\/\/www.sincomam.org.br\/wp-content\/uploads\/2024\/03\/image_2024-03-06_053955302-300x143.png\" alt=\"\" width=\"300\" height=\"143\" srcset=\"https:\/\/www.sincomam.org.br\/wp-content\/uploads\/2024\/03\/image_2024-03-06_053955302-300x143.png 300w, https:\/\/www.sincomam.org.br\/wp-content\/uploads\/2024\/03\/image_2024-03-06_053955302.png 625w\" sizes=\"(max-width: 300px) 100vw, 300px\" \/><\/a><\/p>\n<p>&nbsp;<\/p>\n<p>&nbsp;<\/p>\n<p>&nbsp;<\/p>\n<p>&nbsp;<\/p>\n<p><a href=\"https:\/\/www.sincomam.org.br\/wp-content\/uploads\/2024\/03\/image_2024-03-06_054021668.png\"><img decoding=\"async\" class=\"alignleft size-medium wp-image-50230\" src=\"https:\/\/www.sincomam.org.br\/wp-content\/uploads\/2024\/03\/image_2024-03-06_054021668-300x42.png\" alt=\"\" width=\"300\" height=\"42\" srcset=\"https:\/\/www.sincomam.org.br\/wp-content\/uploads\/2024\/03\/image_2024-03-06_054021668-300x42.png 300w, https:\/\/www.sincomam.org.br\/wp-content\/uploads\/2024\/03\/image_2024-03-06_054021668.png 656w\" sizes=\"(max-width: 300px) 100vw, 300px\" \/><\/a><\/p>\n<p>&nbsp;<\/p>\n<p>&nbsp;<\/p>\n<p>Este movimento \u00e9 direcionado a candidatos de n\u00edvel superior em uma gama diversificada de forma\u00e7\u00f5es, incluindo\u00a0Engenharia, Arquivologia, Comunica\u00e7\u00e3o Social, Direito, Estat\u00edstica, Inform\u00e1tica, Oceanografia, Pedagogia, Psicologia e Seguran\u00e7a do Tr\u00e1fego Aquavi\u00e1rio, al\u00e9m de uma vaga espec\u00edfica para Capel\u00e3o Naval.<\/p>\n<p><strong>Etapas e Desafios do Processo Seletivo<\/strong><\/p>\n<p>Os concursos delineiam um processo seletivo abrangente, incluindo Prova Escrita Objetiva e de Conhecimentos Profissionais, Prova Discursiva (exclusiva para Direito), Reda\u00e7\u00e3o, e uma s\u00e9rie de eventos complementares meticulosamente planejados para assegurar a sele\u00e7\u00e3o dos candidatos mais preparados. Entre estes, destacam-se a verifica\u00e7\u00e3o de dados biogr\u00e1ficos, inspe\u00e7\u00e3o de sa\u00fade, teste de aptid\u00e3o f\u00edsica (TAF), avalia\u00e7\u00e3o psicol\u00f3gica, verifica\u00e7\u00e3o de documentos e prova de t\u00edtulos. Um aspecto inclusivo do processo seletivo \u00e9 o procedimento de\u00a0Heteroidentifica\u00e7\u00e3o Complementar \u00e0 Autodeclara\u00e7\u00e3o\u00a0para candidatos que se autodeclaram negros, assegurando transpar\u00eancia e igualdade de oportunidades.<\/p>\n<p><strong>Investimento na Carreira Militar: Vencimentos e Forma\u00e7\u00e3o<\/strong><\/p>\n<p>A estrutura de remunera\u00e7\u00e3o inicial ultrapassa os\u00a0R$ 9 mil, refletindo o compromisso da MB com a atra\u00e7\u00e3o de talentos dispostos a contribuir para a defesa e a seguran\u00e7a mar\u00edtima nacional. Os candidatos aprovados no concurso ser\u00e3o submetidos ao Curso de Forma\u00e7\u00e3o de Oficiais (CFO) no\u00a0Centro de Instru\u00e7\u00e3o Almirante Wandenkolk (CIAW), localizado no Rio de Janeiro (RJ), onde receber\u00e3o uma forma\u00e7\u00e3o abrangente e multidisciplinar durante aproximadamente 31 semanas. Este per\u00edodo n\u00e3o apenas os preparar\u00e1 para os desafios da carreira naval, mas tamb\u00e9m garantir\u00e1 assist\u00eancia completa, incluindo alimenta\u00e7\u00e3o, uniforme, e suporte m\u00e9dico-odontol\u00f3gico, psicol\u00f3gico, social e religioso.<\/p>\n<p>Ao t\u00e9rmino do CFO, os novos Oficiais ser\u00e3o promovidos ao posto de\u00a0Primeiro-Tenente, marcando o in\u00edcio de uma promissora jornada na Marinha do Brasil. Este ciclo de forma\u00e7\u00e3o e desenvolvimento evidencia a dedica\u00e7\u00e3o da MB na constru\u00e7\u00e3o de uma for\u00e7a de trabalho altamente capacitada, pronta para enfrentar os desafios contempor\u00e2neos da seguran\u00e7a mar\u00edtima e da defesa nacional.<\/p>\n<p>A iniciativa de abrir tais concursos sublinha o comprometimento cont\u00ednuo da Marinha em refor\u00e7ar seu quadro de Oficiais com profissionais de excepcional qualifica\u00e7\u00e3o, alinhando-se com a estrat\u00e9gia nacional de fortalecimento da\u00a0Base Industrial de Defesa. A intera\u00e7\u00e3o entre as for\u00e7as armadas, a ind\u00fastria e a academia, conforme preconizado pelo modelo da\u00a0tr\u00edplice h\u00e9lice, \u00e9 crucial para o avan\u00e7o tecnol\u00f3gico e a soberania nacional, demonstrando a import\u00e2ncia da integra\u00e7\u00e3o desses setores na promo\u00e7\u00e3o do desenvolvimento sustent\u00e1vel e da seguran\u00e7a do Brasil.<\/p>\n<div class=\"td-g-rec td-g-rec-id-content_bottom tdi_4 td_block_template_11\">Fonte: Defesa em Foco<\/div>\n","protected":false},"excerpt":{"rendered":"<p>A\u00a0Marinha do Brasil (MB)\u00a0marca mais um passo significativo na busca por profissionais altamente qualificados ao anunciar a abertura de concursos p\u00fablicos para o preenchimento de&#8230;<\/p>\n","protected":false},"author":1527,"featured_media":50231,"comment_status":"closed","ping_status":"closed","sticky":false,"template":"","format":"standard","meta":{"footnotes":""},"categories":[6],"tags":[],"class_list":["post-50227","post","type-post","status-publish","format-standard","has-post-thumbnail","hentry","category-noticias"],"_links":{"self":[{"href":"https:\/\/www.sincomam.org.br\/index.php\/wp-json\/wp\/v2\/posts\/50227","targetHints":{"allow":["GET"]}}],"collection":[{"href":"https:\/\/www.sincomam.org.br\/index.php\/wp-json\/wp\/v2\/posts"}],"about":[{"href":"https:\/\/www.sincomam.org.br\/index.php\/wp-json\/wp\/v2\/types\/post"}],"author":[{"embeddable":true,"href":"https:\/\/www.sincomam.org.br\/index.php\/wp-json\/wp\/v2\/users\/1527"}],"replies":[{"embeddable":true,"href":"https:\/\/www.sincomam.org.br\/index.php\/wp-json\/wp\/v2\/comments?post=50227"}],"version-history":[{"count":1,"href":"https:\/\/www.sincomam.org.br\/index.php\/wp-json\/wp\/v2\/posts\/50227\/revisions"}],"predecessor-version":[{"id":50232,"href":"https:\/\/www.sincomam.org.br\/index.php\/wp-json\/wp\/v2\/posts\/50227\/revisions\/50232"}],"wp:featuredmedia":[{"embeddable":true,"href":"https:\/\/www.sincomam.org.br\/index.php\/wp-json\/wp\/v2\/media\/50231"}],"wp:attachment":[{"href":"https:\/\/www.sincomam.org.br\/index.php\/wp-json\/wp\/v2\/media?parent=50227"}],"wp:term":[{"taxonomy":"category","embeddable":true,"href":"https:\/\/www.sincomam.org.br\/index.php\/wp-json\/wp\/v2\/categories?post=50227"},{"taxonomy":"post_tag","embeddable":true,"href":"https:\/\/www.sincomam.org.br\/index.php\/wp-json\/wp\/v2\/tags?post=50227"}],"curies":[{"name":"wp","href":"https:\/\/api.w.org\/{rel}","templated":true}]}}