{"id":50214,"date":"2024-03-06T09:54:03","date_gmt":"2024-03-06T12:54:03","guid":{"rendered":"http:\/\/www.sincomam.org.br\/?p=50214"},"modified":"2024-03-06T09:54:03","modified_gmt":"2024-03-06T12:54:03","slug":"estado-de-emergencia-por-dengue-e-improviso-afirma-especialista","status":"publish","type":"post","link":"https:\/\/www.sincomam.org.br\/index.php\/estado-de-emergencia-por-dengue-e-improviso-afirma-especialista\/","title":{"rendered":"Estado de emerg\u00eancia por dengue \u00e9 \u201cimproviso\u201d, afirma especialista"},"content":{"rendered":"<p>A necessidade de decretar estado de emerg\u00eancia devido a alta de casos de dengue mostra falta de a\u00e7\u00f5es para conter o avan\u00e7o da doen\u00e7a, na avalia\u00e7\u00e3o do consultor da Sociedade Brasileira de Infectologia, Renato Grinbaum. \u201cEu entendo a emerg\u00eancia como at\u00e9 um improviso, um improviso que \u00e9 necess\u00e1rio\u201d, disse ao comentar a\u00a0medida tomada pelo governo de S\u00e3o Paulo\u00a0nesta quinta-feira (5).<img decoding=\"async\" src=\"https:\/\/agenciabrasil.ebc.com.br\/ebc.png?id=1584274&amp;o=node\" \/><img decoding=\"async\" src=\"https:\/\/agenciabrasil.ebc.com.br\/ebc.gif?id=1584274&amp;o=node\" \/><\/p>\n<p>O governo estadual decretou estado de emerg\u00eancia ap\u00f3s os casos ultrapassarem a marca de 300 por grupo de 100 mil habitantes. A medida facilita acesso a recursos federais e agiliza processos voltados ao combate da dengue no estado. \u201cNo emergencial n\u00e3o tem o que fazer, \u00e9 o que sobra, \u00e9 comprar sem licita\u00e7\u00e3o com todas as suas consequ\u00eancias\u201d, critica o especialista.<\/p>\n<h2>Prepara\u00e7\u00e3o<\/h2>\n<p>Segundo Grinbaum, desde setembro de 2023\u00a0havia ind\u00edcios de clima prop\u00edcio para uma grande prolifera\u00e7\u00e3o do mosquito transmissor da doen\u00e7a. \u201cA pr\u00f3pria imprensa divulgou em setembro e outubro que seria um ver\u00e3o quente e chuvoso. A gente n\u00e3o teve uma campanha preparat\u00f3ria, a gente teve as vigil\u00e2ncias trabalhando\u201d, afirma.<\/p>\n<p>Para al\u00e9m de investimentos estruturais, como amplia\u00e7\u00e3o do saneamento b\u00e1sico, o infectologista destaca a necessidade de equipar as vigil\u00e2ncias sanit\u00e1rias, principalmente com pessoal, para que sejam feitos os trabalhos de busca e elimina\u00e7\u00e3o dos focos de reprodu\u00e7\u00e3o dos mosquitos.<\/p>\n<p>Durante o an\u00fancio do estado de emerg\u00eancia, o governo de S\u00e3o Paulo informou que pretende investir os recursos federais principalmente para aquisi\u00e7\u00e3o de m\u00e1quinas de nebuliza\u00e7\u00e3o, insumos e contrata\u00e7\u00e3o de pessoal, de forma a ampliar a capacidade da rede de sa\u00fade.<\/p>\n<p>A Secretaria Estadual de Sa\u00fade atualizou as orienta\u00e7\u00f5es do sistema de distribui\u00e7\u00e3o de leitos hospitalares para que os pacientes com dengue tenham prioridade no atendimento de alta complexidade.<\/p>\n<p>H\u00e1 cerca de um m\u00eas, o governo estadual criou o Centro de Opera\u00e7\u00f5es de Emerg\u00eancias (COE) de combate ao\u00a0<em>Aedes aegypti<\/em>, mosquito respons\u00e1vel pela transmiss\u00e3o da dengue. A primeira a\u00e7\u00e3o do grupo foi a libera\u00e7\u00e3o de R$ 200 milh\u00f5es para as 645 prefeituras de S\u00e3o Paulo adotarem medidas para enfrentar os focos de reprodu\u00e7\u00e3o do inseto.<\/p>\n<p>\u201cO monitoramento realizado pelo estado, desde o ano passado, apontava aumento expressivo no n\u00famero de casos e a antecipa\u00e7\u00e3o dos registros em cerca de dois meses. Esse trabalho permitiu que uma s\u00e9rie de a\u00e7\u00f5es fosse tomada, evitando cen\u00e1rios mais cr\u00edticos como os enfrentados pelos estados vizinhos\u201d, ressaltou o diretor do Instituto Butantan Esper Kall\u00e1s durante reuni\u00e3o do COE que anunciou o estado de emerg\u00eancia.<\/p>\n<h2>Brasil<\/h2>\n<p>Os estados do Acre, Distrito Federal, Goi\u00e1s, Rio de Janeiro, Esp\u00edrito Santo e Santa Catarina tamb\u00e9m decretaram estado de emerg\u00eancia devido \u00e0 alta de casos de dengue. Em todo pa\u00eds j\u00e1 s\u00e3o 1,2 milh\u00e3o de casos da doen\u00e7a, com 278 mortes confirmadas neste ano e 744 em investiga\u00e7\u00e3o.<\/p>\n<p>&nbsp;<\/p>\n<p>Fonte: Ag\u00eancia Brasil<\/p>\n","protected":false},"excerpt":{"rendered":"<p>A necessidade de decretar estado de emerg\u00eancia devido a alta de casos de dengue mostra falta de a\u00e7\u00f5es para conter o avan\u00e7o da doen\u00e7a, na&#8230;<\/p>\n","protected":false},"author":1527,"featured_media":50215,"comment_status":"closed","ping_status":"closed","sticky":false,"template":"","format":"standard","meta":{"footnotes":""},"categories":[6],"tags":[],"class_list":["post-50214","post","type-post","status-publish","format-standard","has-post-thumbnail","hentry","category-noticias"],"_links":{"self":[{"href":"https:\/\/www.sincomam.org.br\/index.php\/wp-json\/wp\/v2\/posts\/50214","targetHints":{"allow":["GET"]}}],"collection":[{"href":"https:\/\/www.sincomam.org.br\/index.php\/wp-json\/wp\/v2\/posts"}],"about":[{"href":"https:\/\/www.sincomam.org.br\/index.php\/wp-json\/wp\/v2\/types\/post"}],"author":[{"embeddable":true,"href":"https:\/\/www.sincomam.org.br\/index.php\/wp-json\/wp\/v2\/users\/1527"}],"replies":[{"embeddable":true,"href":"https:\/\/www.sincomam.org.br\/index.php\/wp-json\/wp\/v2\/comments?post=50214"}],"version-history":[{"count":1,"href":"https:\/\/www.sincomam.org.br\/index.php\/wp-json\/wp\/v2\/posts\/50214\/revisions"}],"predecessor-version":[{"id":50216,"href":"https:\/\/www.sincomam.org.br\/index.php\/wp-json\/wp\/v2\/posts\/50214\/revisions\/50216"}],"wp:featuredmedia":[{"embeddable":true,"href":"https:\/\/www.sincomam.org.br\/index.php\/wp-json\/wp\/v2\/media\/50215"}],"wp:attachment":[{"href":"https:\/\/www.sincomam.org.br\/index.php\/wp-json\/wp\/v2\/media?parent=50214"}],"wp:term":[{"taxonomy":"category","embeddable":true,"href":"https:\/\/www.sincomam.org.br\/index.php\/wp-json\/wp\/v2\/categories?post=50214"},{"taxonomy":"post_tag","embeddable":true,"href":"https:\/\/www.sincomam.org.br\/index.php\/wp-json\/wp\/v2\/tags?post=50214"}],"curies":[{"name":"wp","href":"https:\/\/api.w.org\/{rel}","templated":true}]}}