{"id":50201,"date":"2024-03-06T09:01:07","date_gmt":"2024-03-06T12:01:07","guid":{"rendered":"http:\/\/www.sincomam.org.br\/?p=50201"},"modified":"2024-03-06T09:01:07","modified_gmt":"2024-03-06T12:01:07","slug":"antaq-assina-acordo-de-cooperacao-com-paises-baixos-para-fortalecer-a-agenda-verde-nos-portos","status":"publish","type":"post","link":"https:\/\/www.sincomam.org.br\/index.php\/antaq-assina-acordo-de-cooperacao-com-paises-baixos-para-fortalecer-a-agenda-verde-nos-portos\/","title":{"rendered":"ANTAQ assina acordo de coopera\u00e7\u00e3o com Pa\u00edses Baixos para fortalecer a agenda verde nos portos"},"content":{"rendered":"<p dir=\"ltr\">A Ag\u00eancia Nacional de Transportes Aquavi\u00e1rios (ANTAQ) assinou, nesta ter\u00e7a-feira (05\/03), um acordo de coopera\u00e7\u00e3o entre o Brasil e os Pa\u00edses Baixos focado no desenvolvimento de portos verdes.<\/p>\n<p dir=\"ltr\">Al\u00e9m da Ag\u00eancia, assinam o documento a Secretaria Especial do Programa de Parcerias de Investimentos da Casa Civil, os Minist\u00e9rios de Portos e Aeroportos e dos Transportes, a Infra S\/A, a Ag\u00eancia Nacional de Transportes Terrestres (ANTT) e o Departamento Nacional de Infraestrutura de Transportes (DNIT)<\/p>\n<p dir=\"ltr\">O projeto \u00e9 uma parceria p\u00fablico-privada, com prazo de tr\u00eas anos, entre os pa\u00edses e tem como objetivo apoiar empresas neerlandesas a exportar e investir no Brasil, al\u00e9m de apoiar empresas brasileiras com investimentos e exporta\u00e7\u00f5es para os pa\u00edses baixos.<\/p>\n<p dir=\"ltr\">O acordo vai ampliar conjuntamente a coopera\u00e7\u00e3o bilateral e auxiliar na troca de conhecimento para promover iniciativas p\u00fablicas e privadas no \u00e2mbito do desenvolvimento portu\u00e1rio da log\u00edstica portu\u00e1ria, da produ\u00e7\u00e3o de hidrog\u00eanio verde, entre outros.<\/p>\n<p dir=\"ltr\">A assinatura aconteceu durante a edi\u00e7\u00e3o deste ano da Intermodal. O evento conta com a presen\u00e7a de empresas do transporte mar\u00edtimo, a\u00e9reo, ferrovi\u00e1rio e rodovi\u00e1rio. A edi\u00e7\u00e3o deste ano re\u00fane mais de 500 participantes de 15 pa\u00edses diferentes.<\/p>\n<p dir=\"ltr\"><strong>Acordo entre ag\u00eancias<\/strong><\/p>\n<p dir=\"ltr\">No evento, o diretor-geral da ANTAQ, Eduardo Nery, destacou o trabalho da ag\u00eancia e os investimentos feitos que permitem que a infraestrutura portu\u00e1ria e aquavi\u00e1ria estejam adequadas \u00e0s necessidades do setor.<\/p>\n<p dir=\"ltr\">\u201cPara que essa infraestrutura se mantenha moderna, eficiente e atendendo essa crescente de movimenta\u00e7\u00e3o \u00e9 preciso mais investimentos. Neste ano, temos uma carteira desafiadora de projetos de leil\u00f5es de terminais portu\u00e1rios\u201d, destacou o diretor-geral.<\/p>\n<p dir=\"ltr\">Ele pontuou ainda que ser\u00e1 implementada uma parceria entre a ANTAQ e a ANTT para encontrar solu\u00e7\u00f5es vi\u00e1veis para destravar os gargalos terrestres existentes nos acessos portu\u00e1rios<\/p>\n<p dir=\"ltr\">\u201cVamos lan\u00e7ar uma equipe conjunta para identificar primeiro os gargalos existentes e a partir da\u00ed propor medidas de obras de infraestrutura ou de obras regulat\u00f3rias para atacar cada um desses gargalos\u201d, afirmou.<\/p>\n<p dir=\"ltr\">No final da sua participa\u00e7\u00e3o, Nery tamb\u00e9m relembrou a import\u00e2ncia de tornar as vias naveg\u00e1veis em projetos vi\u00e1veis de hidrovias, projeto priorit\u00e1rio da ANTAQ.<\/p>\n<p dir=\"ltr\"><strong>Fortalecimento de pol\u00edtica p\u00fablica<\/strong><\/p>\n<p dir=\"ltr\">No Interlog Summit, que acontece na Intermodal 2024, a diretora Fl\u00e1via Takafashi participou do painel \u201cOs desafios de infraestrutura e regula\u00e7\u00e3o na log\u00edstica brasileira\u201d, em que abordou o papel da ANTAQ enquanto fortalecedor de pol\u00edticas p\u00fablicas.<\/p>\n<p dir=\"ltr\">\u201cA ANTAQ atua com o conhecimento para o mercado, para o formador de pol\u00edticas p\u00fablicas e entendendo as necessidades para a gest\u00e3o dos portos. Isso significa entender as car\u00eancias e como precisamos pensar processos da administra\u00e7\u00e3o p\u00fablica para fomentar informa\u00e7\u00f5es para o setor visando fortalecer as pol\u00edticas p\u00fablicas\u201d, pontuou a diretora.<\/p>\n<p dir=\"ltr\">Na oportunidade, a diretora falou sobre a entrega do\u00a0Guia de Enfrentamento ao Ass\u00e9dio no Setor Aquavi\u00e1rio, marcada para o dia 26 de mar\u00e7o.\u00a0<a class=\"external-link\" title=\"\" href=\"https:\/\/www.gov.br\/antaq\/pt-br\/noticias\/2024\/antaq-mpor-e-parceiros-entregam-ao-setor-aquaviario-em-marco-um-guia-de-enfrentamento-ao-assedio\" target=\"_self\" data-tippreview-enabled=\"false\" data-tippreview-image=\"\" data-tippreview-title=\"\" rel=\"noopener\">Saiba mais<\/a>.<\/p>\n<p dir=\"ltr\">Fonte: Antaq<\/p>\n","protected":false},"excerpt":{"rendered":"<p>A Ag\u00eancia Nacional de Transportes Aquavi\u00e1rios (ANTAQ) assinou, nesta ter\u00e7a-feira (05\/03), um acordo de coopera\u00e7\u00e3o entre o Brasil e os Pa\u00edses Baixos focado no desenvolvimento&#8230;<\/p>\n","protected":false},"author":1527,"featured_media":50202,"comment_status":"closed","ping_status":"closed","sticky":false,"template":"","format":"standard","meta":{"footnotes":""},"categories":[6],"tags":[],"class_list":["post-50201","post","type-post","status-publish","format-standard","has-post-thumbnail","hentry","category-noticias"],"_links":{"self":[{"href":"https:\/\/www.sincomam.org.br\/index.php\/wp-json\/wp\/v2\/posts\/50201","targetHints":{"allow":["GET"]}}],"collection":[{"href":"https:\/\/www.sincomam.org.br\/index.php\/wp-json\/wp\/v2\/posts"}],"about":[{"href":"https:\/\/www.sincomam.org.br\/index.php\/wp-json\/wp\/v2\/types\/post"}],"author":[{"embeddable":true,"href":"https:\/\/www.sincomam.org.br\/index.php\/wp-json\/wp\/v2\/users\/1527"}],"replies":[{"embeddable":true,"href":"https:\/\/www.sincomam.org.br\/index.php\/wp-json\/wp\/v2\/comments?post=50201"}],"version-history":[{"count":1,"href":"https:\/\/www.sincomam.org.br\/index.php\/wp-json\/wp\/v2\/posts\/50201\/revisions"}],"predecessor-version":[{"id":50203,"href":"https:\/\/www.sincomam.org.br\/index.php\/wp-json\/wp\/v2\/posts\/50201\/revisions\/50203"}],"wp:featuredmedia":[{"embeddable":true,"href":"https:\/\/www.sincomam.org.br\/index.php\/wp-json\/wp\/v2\/media\/50202"}],"wp:attachment":[{"href":"https:\/\/www.sincomam.org.br\/index.php\/wp-json\/wp\/v2\/media?parent=50201"}],"wp:term":[{"taxonomy":"category","embeddable":true,"href":"https:\/\/www.sincomam.org.br\/index.php\/wp-json\/wp\/v2\/categories?post=50201"},{"taxonomy":"post_tag","embeddable":true,"href":"https:\/\/www.sincomam.org.br\/index.php\/wp-json\/wp\/v2\/tags?post=50201"}],"curies":[{"name":"wp","href":"https:\/\/api.w.org\/{rel}","templated":true}]}}