{"id":50196,"date":"2024-03-06T08:58:50","date_gmt":"2024-03-06T11:58:50","guid":{"rendered":"http:\/\/www.sincomam.org.br\/?p=50196"},"modified":"2024-03-06T08:58:50","modified_gmt":"2024-03-06T11:58:50","slug":"porto-do-itaqui-lanca-alianca-brasileira-para-descarbonizacao-de-portos","status":"publish","type":"post","link":"https:\/\/www.sincomam.org.br\/index.php\/porto-do-itaqui-lanca-alianca-brasileira-para-descarbonizacao-de-portos\/","title":{"rendered":"Porto do Itaqui lan\u00e7a Alian\u00e7a Brasileira para Descarboniza\u00e7\u00e3o de Portos"},"content":{"rendered":"<p>Os portos brasileiros inauguram um novo cap\u00edtulo em suas hist\u00f3rias com o lan\u00e7amento da Alian\u00e7a Brasileira para Descarboniza\u00e7\u00e3o de Portos (ABDP). O evento ocorre nesta quarta-feira (6) durante a Intermodal, feira que acontece em S\u00e3o Paulo.<\/p>\n<p>O impulso para essa colabora\u00e7\u00e3o foi dado pelo Porto do Itaqui no ano passado, ao estabelecer uma parceria estrat\u00e9gica com a Valencia Port. Essa parceria deu in\u00edcio a um plano de descarboniza\u00e7\u00e3o.<\/p>\n<p>\u201cEstamos comprometidos com esse movimento e em colaborar ativamente para impulsionar a descarboniza\u00e7\u00e3o, promovendo uma mudan\u00e7a significativa em nosso cen\u00e1rio portu\u00e1rio nacional\u201d, ressaltou Gilberto Lins, presidente do Porto do Itaqui.<\/p>\n<p>A Alian\u00e7a Brasileira para Descarboniza\u00e7\u00e3o de Portos \u00e9 uma extens\u00e3o do sucesso da Alian\u00e7a Espanhola, uma iniciativa que re\u00fane portos h\u00e1 tr\u00eas anos para colaborar na descarboniza\u00e7\u00e3o. \u201cO objetivo da Alian\u00e7a \u00e9 criar um ambiente democr\u00e1tico para a troca de experi\u00eancias, benchmarking e informa\u00e7\u00f5es, impulsionando a pesquisa e a discuss\u00e3o sobre quest\u00f5es t\u00e9cnicas e regulat\u00f3rias no setor mar\u00edtimo brasileiro\u201d, pontuou Luane Lemos, gerente de Meio Ambiente do Porto do Itaqui.<\/p>\n<p>Um dos primeiros resultados concretos da Alian\u00e7a \u00e9 um programa que visa consolidar e nivelar o conhecimento sobre descarboniza\u00e7\u00e3o. Este programa j\u00e1 envolve 37 empresas em um esfor\u00e7o conjunto para enfrentar os desafios e oportunidades relacionados \u00e0 descarboniza\u00e7\u00e3o do setor portu\u00e1rio brasileiro.<\/p>\n<p>Para solidificar a colabora\u00e7\u00e3o, entidades como o Porto do Itaqui, Porto de Suape, Portos do Paran\u00e1, Porto do A\u00e7u, Porto Sudeste, Funda\u00e7\u00e3o Valencia, ABTP (Associa\u00e7\u00e3o Brasileira dos Terminais Portu\u00e1rios), ATP (Associa\u00e7\u00e3o de Terminais Portu\u00e1rios Privados) e ABEPH (Associa\u00e7\u00e3o Brasileira das Entidades Portu\u00e1rias e Hidrovi\u00e1rias) v\u00e3o assinar a Declara\u00e7\u00e3o de Inten\u00e7\u00e3o de A\u00e7\u00e3o Cooperativa. Essa declara\u00e7\u00e3o volunt\u00e1ria refor\u00e7a o compromisso dessas entidades em impulsionar a descarboniza\u00e7\u00e3o do setor portu\u00e1rio brasileiro por meio da colabora\u00e7\u00e3o e do compartilhamento de experi\u00eancias.<\/p>\n<p>&#8220;A transi\u00e7\u00e3o energ\u00e9tica \u00e9 um desafio e uma grande oportunidade para os portos, p\u00fablicos e privados. A\u00e7\u00f5es que buscam integrar esfor\u00e7os e gerar colabora\u00e7\u00e3o, como a Alian\u00e7a, s\u00e3o muito relevantes para o avan\u00e7o dessa agenda no setor portu\u00e1rio brasileiro e, por isso, apoiamos a iniciativa.&#8221; Vinicius Patel, diretor de Administra\u00e7\u00e3o Portu\u00e1ria do Porto do A\u00e7u (RJ).<\/p>\n<p>Fonte: Portos e Navios<\/p>\n","protected":false},"excerpt":{"rendered":"<p>Os portos brasileiros inauguram um novo cap\u00edtulo em suas hist\u00f3rias com o lan\u00e7amento da Alian\u00e7a Brasileira para Descarboniza\u00e7\u00e3o de Portos (ABDP). O evento ocorre nesta&#8230;<\/p>\n","protected":false},"author":1527,"featured_media":50197,"comment_status":"closed","ping_status":"closed","sticky":false,"template":"","format":"standard","meta":{"footnotes":""},"categories":[6],"tags":[],"class_list":["post-50196","post","type-post","status-publish","format-standard","has-post-thumbnail","hentry","category-noticias"],"_links":{"self":[{"href":"https:\/\/www.sincomam.org.br\/index.php\/wp-json\/wp\/v2\/posts\/50196","targetHints":{"allow":["GET"]}}],"collection":[{"href":"https:\/\/www.sincomam.org.br\/index.php\/wp-json\/wp\/v2\/posts"}],"about":[{"href":"https:\/\/www.sincomam.org.br\/index.php\/wp-json\/wp\/v2\/types\/post"}],"author":[{"embeddable":true,"href":"https:\/\/www.sincomam.org.br\/index.php\/wp-json\/wp\/v2\/users\/1527"}],"replies":[{"embeddable":true,"href":"https:\/\/www.sincomam.org.br\/index.php\/wp-json\/wp\/v2\/comments?post=50196"}],"version-history":[{"count":1,"href":"https:\/\/www.sincomam.org.br\/index.php\/wp-json\/wp\/v2\/posts\/50196\/revisions"}],"predecessor-version":[{"id":50198,"href":"https:\/\/www.sincomam.org.br\/index.php\/wp-json\/wp\/v2\/posts\/50196\/revisions\/50198"}],"wp:featuredmedia":[{"embeddable":true,"href":"https:\/\/www.sincomam.org.br\/index.php\/wp-json\/wp\/v2\/media\/50197"}],"wp:attachment":[{"href":"https:\/\/www.sincomam.org.br\/index.php\/wp-json\/wp\/v2\/media?parent=50196"}],"wp:term":[{"taxonomy":"category","embeddable":true,"href":"https:\/\/www.sincomam.org.br\/index.php\/wp-json\/wp\/v2\/categories?post=50196"},{"taxonomy":"post_tag","embeddable":true,"href":"https:\/\/www.sincomam.org.br\/index.php\/wp-json\/wp\/v2\/tags?post=50196"}],"curies":[{"name":"wp","href":"https:\/\/api.w.org\/{rel}","templated":true}]}}