{"id":50168,"date":"2024-03-04T13:30:31","date_gmt":"2024-03-04T16:30:31","guid":{"rendered":"http:\/\/www.sincomam.org.br\/?p=50168"},"modified":"2024-03-04T13:30:31","modified_gmt":"2024-03-04T16:30:31","slug":"papa-francisco-pede-fim-de-guerra-em-gaza","status":"publish","type":"post","link":"https:\/\/www.sincomam.org.br\/index.php\/papa-francisco-pede-fim-de-guerra-em-gaza\/","title":{"rendered":"Papa Francisco pede fim de guerra em Gaza"},"content":{"rendered":"<p>O papa Francisco fez um apelo neste domingo (3) para o fim da\u00a0guerra na Faixa de Gaza\u00a0e mostrou sinais de recupera\u00e7\u00e3o ap\u00f3s sofrer de bronquite.<img decoding=\"async\" src=\"https:\/\/agenciabrasil.ebc.com.br\/ebc.png?id=1583937&amp;o=node\" \/><img decoding=\"async\" src=\"https:\/\/agenciabrasil.ebc.com.br\/ebc.gif?id=1583937&amp;o=node\" \/><\/p>\n<p>No s\u00e1bado (2), o papa de 87 anos de idade delegou a leitura de um discurso em uma cerim\u00f4nia a um assessor, e na quarta-feira (28) ele fez uma breve viagem a um hospital de Roma depois de n\u00e3o ter lido em sua audi\u00eancia semanal, dizendo que tinha &#8220;um pouco de frio&#8221;.<\/p>\n<p>&#8220;Todos os dias carrego em meu cora\u00e7\u00e3o com dor o sofrimento das popula\u00e7\u00f5es na Palestina e em Israel devido \u00e0s hostilidades em curso, milhares de mortos, feridos, deslocados&#8221;, disse Francisco, falando sozinho com voz clara em Roma.<\/p>\n<p>Dirigindo-se aos fi\u00e9is na Pra\u00e7a de S\u00e3o Pedro, Francisco enfatizou as consequ\u00eancias da guerra para as crian\u00e7as e pediu a liberta\u00e7\u00e3o de todos os ref\u00e9ns israelenses feitos pelo Hamas em 7 de outubro.<\/p>\n<p>&#8220;Voc\u00eas realmente acham que podem construir um mundo melhor dessa forma? Acham mesmo que conseguir\u00e3o a paz? Chega, por favor! Vamos todos dizer basta, por favor! Parem!&#8221;, disse o papa.<\/p>\n<p>Francisco teve uma s\u00e9rie de problemas de sa\u00fade nos \u00faltimos meses. Ele foi for\u00e7ado a cancelar uma viagem para a reuni\u00e3o clim\u00e1tica da COP28 em Dubai no in\u00edcio de dezembro por causa dos efeitos da gripe e da inflama\u00e7\u00e3o pulmonar. Em janeiro, ele n\u00e3o conseguiu concluir um discurso devido a &#8220;um pouco de bronquite&#8221;.<\/p>\n<p>&nbsp;<\/p>\n<p>Fonte: Ag\u00eancia Brasil<\/p>\n","protected":false},"excerpt":{"rendered":"<p>O papa Francisco fez um apelo neste domingo (3) para o fim da\u00a0guerra na Faixa de Gaza\u00a0e mostrou sinais de recupera\u00e7\u00e3o ap\u00f3s sofrer de bronquite&#8230;.<\/p>\n","protected":false},"author":1527,"featured_media":50169,"comment_status":"closed","ping_status":"closed","sticky":false,"template":"","format":"standard","meta":{"footnotes":""},"categories":[6],"tags":[],"class_list":["post-50168","post","type-post","status-publish","format-standard","has-post-thumbnail","hentry","category-noticias"],"_links":{"self":[{"href":"https:\/\/www.sincomam.org.br\/index.php\/wp-json\/wp\/v2\/posts\/50168","targetHints":{"allow":["GET"]}}],"collection":[{"href":"https:\/\/www.sincomam.org.br\/index.php\/wp-json\/wp\/v2\/posts"}],"about":[{"href":"https:\/\/www.sincomam.org.br\/index.php\/wp-json\/wp\/v2\/types\/post"}],"author":[{"embeddable":true,"href":"https:\/\/www.sincomam.org.br\/index.php\/wp-json\/wp\/v2\/users\/1527"}],"replies":[{"embeddable":true,"href":"https:\/\/www.sincomam.org.br\/index.php\/wp-json\/wp\/v2\/comments?post=50168"}],"version-history":[{"count":1,"href":"https:\/\/www.sincomam.org.br\/index.php\/wp-json\/wp\/v2\/posts\/50168\/revisions"}],"predecessor-version":[{"id":50170,"href":"https:\/\/www.sincomam.org.br\/index.php\/wp-json\/wp\/v2\/posts\/50168\/revisions\/50170"}],"wp:featuredmedia":[{"embeddable":true,"href":"https:\/\/www.sincomam.org.br\/index.php\/wp-json\/wp\/v2\/media\/50169"}],"wp:attachment":[{"href":"https:\/\/www.sincomam.org.br\/index.php\/wp-json\/wp\/v2\/media?parent=50168"}],"wp:term":[{"taxonomy":"category","embeddable":true,"href":"https:\/\/www.sincomam.org.br\/index.php\/wp-json\/wp\/v2\/categories?post=50168"},{"taxonomy":"post_tag","embeddable":true,"href":"https:\/\/www.sincomam.org.br\/index.php\/wp-json\/wp\/v2\/tags?post=50168"}],"curies":[{"name":"wp","href":"https:\/\/api.w.org\/{rel}","templated":true}]}}